{"id":59156,"date":"2013-10-10T08:55:11","date_gmt":"2013-10-10T06:55:11","guid":{"rendered":"https:\/\/www.proquimia.com\/v-encontro-internacional-de-lavandaria-tinturaria-e-higienizacao-cubalav-2013\/"},"modified":"2013-10-10T08:55:11","modified_gmt":"2013-10-10T06:55:11","slug":"v-encontro-internacional-de-lavandaria-tinturaria-e-higienizacao-cubalav-2013","status":"publish","type":"post","link":"https:\/\/www.proquimia.com\/pt\/v-encontro-internacional-de-lavandaria-tinturaria-e-higienizacao-cubalav-2013\/","title":{"rendered":"V Encontro Internacional de Lavandaria, Tinturaria e Higieniza\u00e7\u00e3o CUBALAV 2013"},"content":{"rendered":"<p><a href=\"https:\/\/www.proquimia.com\/wp-content\/uploads\/2013\/10\/foto.jpg\"><img loading=\"lazy\" decoding=\"async\" class=\"alignright size-medium wp-image-4936\" title=\"foto\" src=\"https:\/\/www.proquimia.com\/wp-content\/uploads\/2013\/10\/foto-300x126.jpg\" alt=\"\" width=\"300\" height=\"126\" \/><\/a><\/p>\n<p>De 19 a 21 de Setembro, celebrou-se o <strong>V Encontro Internacional de Lavandaria, Tinturaria e Higieniza\u00e7\u00e3o CUBALAV 2013<\/strong>, no Centro de Conven\u00e7\u00f5es Pra\u00e7a Am\u00e9rica de Varadero, com o objetivo de favorecer a forma\u00e7\u00e3o e o interc\u00e2mbio de conhecimentos, assim como, estimular e promover a inova\u00e7\u00e3o de t\u00e9cnicas para o desenvolvimento do setor.<\/p>\n<p>CUBALAV 2013 contou com um programa cient\u00edfico constitu\u00eddo por confer\u00eancias e debates tem\u00e1ticos com a participa\u00e7\u00e3o de diferentes especialistas no setor. Simultaneamente ao encontro, desenvolveu-se uma Feira Expositora onde se exibiram produtos e servi\u00e7os associados \u00e0 higiene.<\/p>\n<p>Suchel Proquimia, SA participou como promotor, expositor e ponente t\u00e9cnico neste evento, promovendo as seguintes confer\u00eancias:<\/p>\n<ul>\n<li>Fornecimento de solu\u00e7\u00f5es tecnol\u00f3gicas sustent\u00e1veis desde Proquimia a cargo de Carles Ony\u00f3s de Plandolit, diretor geral de Proquimia<\/li>\n<li>Influ\u00eancia e c\u00e1lculo das emiss\u00f5es de CO<sub>2<\/sub> nas lavandarias de acordo com o processo tecnol\u00f3gico exposta por Jordi Bartrina Sim\u00f3, diretor adjunto da empresa Suchel Proquimia, SA<\/li>\n<\/ul>\n<p>A empresa foi galardoada com os seguintes pr\u00e9mios:<\/p>\n<ul>\n<li>Melhor design do stand<\/li>\n<li>Reconhecimento a Suchel Proquimia como expositor<\/li>\n<li>Reconhecimento e certificado a Carles Ony\u00f3s de Plandolit e Jordi Bartrina Sim\u00f3 pelo apoio t\u00e9cnico e participa\u00e7\u00e3o no evento<\/li>\n<\/ul>\n","protected":false},"excerpt":{"rendered":"<p>De 19 a 21 de Setembro, celebrou-se o V Encontro Internacional de Lavandaria, Tinturaria e Higieniza\u00e7\u00e3o CUBALAV 2013, no Centro de Conven\u00e7\u00f5es Pra\u00e7a Am\u00e9rica de Varadero, com o objetivo de favorecer a forma\u00e7\u00e3o e o interc\u00e2mbio de conhecimentos, assim como, estimular e promover a inova\u00e7\u00e3o de t\u00e9cnicas para o desenvolvimento do setor. CUBALAV 2013 contou [&hellip;]<\/p>\n","protected":false},"author":2,"featured_media":0,"comment_status":"closed","ping_status":"closed","sticky":false,"template":"","format":"standard","meta":{"_acf_changed":false,"inline_featured_image":false,"footnotes":""},"categories":[651],"tags":[],"sector":[654],"country":[310,314,318,322,326,266,270,274,278,282,286,294,298,302,306],"ppma_author":[],"class_list":["post-59156","post","type-post","status-publish","format-standard","hentry","category-sin-categorizar","sector-presente","country-panama-pt-pt","country-portugal-pt-pt","country-republica-dominicana-pt-pt","country-tunisia-pt-pt","country-venezuela-pt-pt","country-algeria-pt-pt","country-andorra-pt-pt","country-brazil-pt-pt","country-chile-pt-pt","country-colombia-pt-pt","country-costa-rica-pt-pt","country-espana-pt-pt","country-france-pt-pt","country-mexico-pt-pt","country-morocco-pt-pt"],"acf":[],"yoast_head":"<!-- This site is optimized with the Yoast SEO plugin v27.5 - https:\/\/yoast.com\/product\/yoast-seo-wordpress\/ -->\n<title>V Encontro Internacional de Lavandaria, Tinturaria e Higieniza\u00e7\u00e3o CUBALAV 2013 - Proquimia<\/title>\n<meta name=\"robots\" content=\"index, follow, max-snippet:-1, max-image-preview:large, max-video-preview:-1\" \/>\n<link rel=\"canonical\" href=\"https:\/\/www.proquimia.com\/pt\/v-encontro-internacional-de-lavandaria-tinturaria-e-higienizacao-cubalav-2013\/\" \/>\n<meta property=\"og:locale\" content=\"pt_PT\" \/>\n<meta property=\"og:type\" content=\"article\" \/>\n<meta property=\"og:title\" content=\"V Encontro Internacional de Lavandaria, Tinturaria e Higieniza\u00e7\u00e3o CUBALAV 2013 - Proquimia\" \/>\n<meta property=\"og:description\" content=\"De 19 a 21 de Setembro, celebrou-se o V Encontro Internacional de Lavandaria, Tinturaria e Higieniza\u00e7\u00e3o CUBALAV 2013, no Centro de Conven\u00e7\u00f5es Pra\u00e7a Am\u00e9rica de Varadero, com o objetivo de favorecer a forma\u00e7\u00e3o e o interc\u00e2mbio de conhecimentos, assim como, estimular e promover a inova\u00e7\u00e3o de t\u00e9cnicas para o desenvolvimento do setor. CUBALAV 2013 contou [&hellip;]\" \/>\n<meta property=\"og:url\" content=\"https:\/\/www.proquimia.com\/pt\/v-encontro-internacional-de-lavandaria-tinturaria-e-higienizacao-cubalav-2013\/\" \/>\n<meta property=\"og:site_name\" content=\"Proquimia\" \/>\n<meta property=\"article:publisher\" content=\"https:\/\/www.facebook.com\/proquimia\" \/>\n<meta property=\"article:published_time\" content=\"2013-10-10T06:55:11+00:00\" \/>\n<meta name=\"author\" content=\"Proquimia\" \/>\n<meta name=\"twitter:card\" content=\"summary_large_image\" \/>\n<meta name=\"twitter:creator\" content=\"@proquimia71\" \/>\n<meta name=\"twitter:site\" content=\"@proquimia71\" \/>\n<meta name=\"twitter:label1\" content=\"Escrito por\" \/>\n\t<meta name=\"twitter:data1\" content=\"Proquimia\" \/>\n\t<meta name=\"twitter:label2\" content=\"Tempo estimado de leitura\" \/>\n\t<meta name=\"twitter:data2\" content=\"1 minuto\" \/>\n<script type=\"application\/ld+json\" class=\"yoast-schema-graph\">{\"@context\":\"https:\\\/\\\/schema.org\",\"@graph\":[{\"@type\":\"Article\",\"@id\":\"https:\\\/\\\/www.proquimia.com\\\/pt\\\/v-encontro-internacional-de-lavandaria-tinturaria-e-higienizacao-cubalav-2013\\\/#article\",\"isPartOf\":{\"@id\":\"https:\\\/\\\/www.proquimia.com\\\/pt\\\/v-encontro-internacional-de-lavandaria-tinturaria-e-higienizacao-cubalav-2013\\\/\"},\"author\":{\"name\":\"Proquimia\",\"@id\":\"https:\\\/\\\/www.proquimia.com\\\/pt\\\/#\\\/schema\\\/person\\\/d7adcc500b852dda472d16dbca9d4ae1\"},\"headline\":\"V Encontro Internacional de Lavandaria, Tinturaria e Higieniza\u00e7\u00e3o CUBALAV 2013\",\"datePublished\":\"2013-10-10T06:55:11+00:00\",\"mainEntityOfPage\":{\"@id\":\"https:\\\/\\\/www.proquimia.com\\\/pt\\\/v-encontro-internacional-de-lavandaria-tinturaria-e-higienizacao-cubalav-2013\\\/\"},\"wordCount\":220,\"publisher\":{\"@id\":\"https:\\\/\\\/www.proquimia.com\\\/pt\\\/#organization\"},\"image\":{\"@id\":\"https:\\\/\\\/www.proquimia.com\\\/pt\\\/v-encontro-internacional-de-lavandaria-tinturaria-e-higienizacao-cubalav-2013\\\/#primaryimage\"},\"thumbnailUrl\":\"https:\\\/\\\/www.proquimia.com\\\/wp-content\\\/uploads\\\/2013\\\/10\\\/foto-300x126.jpg\",\"articleSection\":[\"Sin categorizar\"],\"inLanguage\":\"pt-PT\"},{\"@type\":\"WebPage\",\"@id\":\"https:\\\/\\\/www.proquimia.com\\\/pt\\\/v-encontro-internacional-de-lavandaria-tinturaria-e-higienizacao-cubalav-2013\\\/\",\"url\":\"https:\\\/\\\/www.proquimia.com\\\/pt\\\/v-encontro-internacional-de-lavandaria-tinturaria-e-higienizacao-cubalav-2013\\\/\",\"name\":\"V Encontro Internacional de Lavandaria, Tinturaria e Higieniza\u00e7\u00e3o CUBALAV 2013 - Proquimia\",\"isPartOf\":{\"@id\":\"https:\\\/\\\/www.proquimia.com\\\/pt\\\/#website\"},\"primaryImageOfPage\":{\"@id\":\"https:\\\/\\\/www.proquimia.com\\\/pt\\\/v-encontro-internacional-de-lavandaria-tinturaria-e-higienizacao-cubalav-2013\\\/#primaryimage\"},\"image\":{\"@id\":\"https:\\\/\\\/www.proquimia.com\\\/pt\\\/v-encontro-internacional-de-lavandaria-tinturaria-e-higienizacao-cubalav-2013\\\/#primaryimage\"},\"thumbnailUrl\":\"https:\\\/\\\/www.proquimia.com\\\/wp-content\\\/uploads\\\/2013\\\/10\\\/foto-300x126.jpg\",\"datePublished\":\"2013-10-10T06:55:11+00:00\",\"breadcrumb\":{\"@id\":\"https:\\\/\\\/www.proquimia.com\\\/pt\\\/v-encontro-internacional-de-lavandaria-tinturaria-e-higienizacao-cubalav-2013\\\/#breadcrumb\"},\"inLanguage\":\"pt-PT\",\"potentialAction\":[{\"@type\":\"ReadAction\",\"target\":[\"https:\\\/\\\/www.proquimia.com\\\/pt\\\/v-encontro-internacional-de-lavandaria-tinturaria-e-higienizacao-cubalav-2013\\\/\"]}]},{\"@type\":\"ImageObject\",\"inLanguage\":\"pt-PT\",\"@id\":\"https:\\\/\\\/www.proquimia.com\\\/pt\\\/v-encontro-internacional-de-lavandaria-tinturaria-e-higienizacao-cubalav-2013\\\/#primaryimage\",\"url\":\"https:\\\/\\\/www.proquimia.com\\\/wp-content\\\/uploads\\\/2013\\\/10\\\/foto-300x126.jpg\",\"contentUrl\":\"https:\\\/\\\/www.proquimia.com\\\/wp-content\\\/uploads\\\/2013\\\/10\\\/foto-300x126.jpg\"},{\"@type\":\"BreadcrumbList\",\"@id\":\"https:\\\/\\\/www.proquimia.com\\\/pt\\\/v-encontro-internacional-de-lavandaria-tinturaria-e-higienizacao-cubalav-2013\\\/#breadcrumb\",\"itemListElement\":[{\"@type\":\"ListItem\",\"position\":1,\"name\":\"Portada\",\"item\":\"https:\\\/\\\/www.proquimia.com\\\/pt\\\/\"},{\"@type\":\"ListItem\",\"position\":2,\"name\":\"V Encontro Internacional de Lavandaria, Tinturaria e Higieniza\u00e7\u00e3o CUBALAV 2013\"}]},{\"@type\":\"WebSite\",\"@id\":\"https:\\\/\\\/www.proquimia.com\\\/pt\\\/#website\",\"url\":\"https:\\\/\\\/www.proquimia.com\\\/pt\\\/\",\"name\":\"Proquimia\",\"description\":\"Soluciones qu\u00edmicas y Productos de Limpieza Industrial\",\"publisher\":{\"@id\":\"https:\\\/\\\/www.proquimia.com\\\/pt\\\/#organization\"},\"potentialAction\":[{\"@type\":\"SearchAction\",\"target\":{\"@type\":\"EntryPoint\",\"urlTemplate\":\"https:\\\/\\\/www.proquimia.com\\\/pt\\\/?s={search_term_string}\"},\"query-input\":{\"@type\":\"PropertyValueSpecification\",\"valueRequired\":true,\"valueName\":\"search_term_string\"}}],\"inLanguage\":\"pt-PT\"},{\"@type\":\"Organization\",\"@id\":\"https:\\\/\\\/www.proquimia.com\\\/pt\\\/#organization\",\"name\":\"Proquimia\",\"url\":\"https:\\\/\\\/www.proquimia.com\\\/pt\\\/\",\"logo\":{\"@type\":\"ImageObject\",\"inLanguage\":\"pt-PT\",\"@id\":\"https:\\\/\\\/www.proquimia.com\\\/pt\\\/#\\\/schema\\\/logo\\\/image\\\/\",\"url\":\"https:\\\/\\\/www.proquimia.com\\\/wp-content\\\/uploads\\\/proquimia-logo-yoast.png\",\"contentUrl\":\"https:\\\/\\\/www.proquimia.com\\\/wp-content\\\/uploads\\\/proquimia-logo-yoast.png\",\"width\":696,\"height\":696,\"caption\":\"Proquimia\"},\"image\":{\"@id\":\"https:\\\/\\\/www.proquimia.com\\\/pt\\\/#\\\/schema\\\/logo\\\/image\\\/\"},\"sameAs\":[\"https:\\\/\\\/www.facebook.com\\\/proquimia\",\"https:\\\/\\\/x.com\\\/proquimia71\",\"https:\\\/\\\/www.instagram.com\\\/proquimia_co\\\/\",\"http:\\\/\\\/www.linkedin.com\\\/company\\\/proquimia\",\"http:\\\/\\\/www.youtube.com\\\/user\\\/proquimiavic\"]},{\"@type\":\"Person\",\"@id\":\"https:\\\/\\\/www.proquimia.com\\\/pt\\\/#\\\/schema\\\/person\\\/d7adcc500b852dda472d16dbca9d4ae1\",\"name\":\"Proquimia\",\"url\":\"https:\\\/\\\/www.proquimia.com\\\/pt\\\/author\\\/proquimia\\\/\"}]}<\/script>\n<!-- \/ Yoast SEO plugin. -->","yoast_head_json":{"title":"V Encontro Internacional de Lavandaria, Tinturaria e Higieniza\u00e7\u00e3o CUBALAV 2013 - Proquimia","robots":{"index":"index","follow":"follow","max-snippet":"max-snippet:-1","max-image-preview":"max-image-preview:large","max-video-preview":"max-video-preview:-1"},"canonical":"https:\/\/www.proquimia.com\/pt\/v-encontro-internacional-de-lavandaria-tinturaria-e-higienizacao-cubalav-2013\/","og_locale":"pt_PT","og_type":"article","og_title":"V Encontro Internacional de Lavandaria, Tinturaria e Higieniza\u00e7\u00e3o CUBALAV 2013 - Proquimia","og_description":"De 19 a 21 de Setembro, celebrou-se o V Encontro Internacional de Lavandaria, Tinturaria e Higieniza\u00e7\u00e3o CUBALAV 2013, no Centro de Conven\u00e7\u00f5es Pra\u00e7a Am\u00e9rica de Varadero, com o objetivo de favorecer a forma\u00e7\u00e3o e o interc\u00e2mbio de conhecimentos, assim como, estimular e promover a inova\u00e7\u00e3o de t\u00e9cnicas para o desenvolvimento do setor. CUBALAV 2013 contou [&hellip;]","og_url":"https:\/\/www.proquimia.com\/pt\/v-encontro-internacional-de-lavandaria-tinturaria-e-higienizacao-cubalav-2013\/","og_site_name":"Proquimia","article_publisher":"https:\/\/www.facebook.com\/proquimia","article_published_time":"2013-10-10T06:55:11+00:00","author":"Proquimia","twitter_card":"summary_large_image","twitter_creator":"@proquimia71","twitter_site":"@proquimia71","twitter_misc":{"Escrito por":"Proquimia","Tempo estimado de leitura":"1 minuto"},"schema":{"@context":"https:\/\/schema.org","@graph":[{"@type":"Article","@id":"https:\/\/www.proquimia.com\/pt\/v-encontro-internacional-de-lavandaria-tinturaria-e-higienizacao-cubalav-2013\/#article","isPartOf":{"@id":"https:\/\/www.proquimia.com\/pt\/v-encontro-internacional-de-lavandaria-tinturaria-e-higienizacao-cubalav-2013\/"},"author":{"name":"Proquimia","@id":"https:\/\/www.proquimia.com\/pt\/#\/schema\/person\/d7adcc500b852dda472d16dbca9d4ae1"},"headline":"V Encontro Internacional de Lavandaria, Tinturaria e Higieniza\u00e7\u00e3o CUBALAV 2013","datePublished":"2013-10-10T06:55:11+00:00","mainEntityOfPage":{"@id":"https:\/\/www.proquimia.com\/pt\/v-encontro-internacional-de-lavandaria-tinturaria-e-higienizacao-cubalav-2013\/"},"wordCount":220,"publisher":{"@id":"https:\/\/www.proquimia.com\/pt\/#organization"},"image":{"@id":"https:\/\/www.proquimia.com\/pt\/v-encontro-internacional-de-lavandaria-tinturaria-e-higienizacao-cubalav-2013\/#primaryimage"},"thumbnailUrl":"https:\/\/www.proquimia.com\/wp-content\/uploads\/2013\/10\/foto-300x126.jpg","articleSection":["Sin categorizar"],"inLanguage":"pt-PT"},{"@type":"WebPage","@id":"https:\/\/www.proquimia.com\/pt\/v-encontro-internacional-de-lavandaria-tinturaria-e-higienizacao-cubalav-2013\/","url":"https:\/\/www.proquimia.com\/pt\/v-encontro-internacional-de-lavandaria-tinturaria-e-higienizacao-cubalav-2013\/","name":"V Encontro Internacional de Lavandaria, Tinturaria e Higieniza\u00e7\u00e3o CUBALAV 2013 - Proquimia","isPartOf":{"@id":"https:\/\/www.proquimia.com\/pt\/#website"},"primaryImageOfPage":{"@id":"https:\/\/www.proquimia.com\/pt\/v-encontro-internacional-de-lavandaria-tinturaria-e-higienizacao-cubalav-2013\/#primaryimage"},"image":{"@id":"https:\/\/www.proquimia.com\/pt\/v-encontro-internacional-de-lavandaria-tinturaria-e-higienizacao-cubalav-2013\/#primaryimage"},"thumbnailUrl":"https:\/\/www.proquimia.com\/wp-content\/uploads\/2013\/10\/foto-300x126.jpg","datePublished":"2013-10-10T06:55:11+00:00","breadcrumb":{"@id":"https:\/\/www.proquimia.com\/pt\/v-encontro-internacional-de-lavandaria-tinturaria-e-higienizacao-cubalav-2013\/#breadcrumb"},"inLanguage":"pt-PT","potentialAction":[{"@type":"ReadAction","target":["https:\/\/www.proquimia.com\/pt\/v-encontro-internacional-de-lavandaria-tinturaria-e-higienizacao-cubalav-2013\/"]}]},{"@type":"ImageObject","inLanguage":"pt-PT","@id":"https:\/\/www.proquimia.com\/pt\/v-encontro-internacional-de-lavandaria-tinturaria-e-higienizacao-cubalav-2013\/#primaryimage","url":"https:\/\/www.proquimia.com\/wp-content\/uploads\/2013\/10\/foto-300x126.jpg","contentUrl":"https:\/\/www.proquimia.com\/wp-content\/uploads\/2013\/10\/foto-300x126.jpg"},{"@type":"BreadcrumbList","@id":"https:\/\/www.proquimia.com\/pt\/v-encontro-internacional-de-lavandaria-tinturaria-e-higienizacao-cubalav-2013\/#breadcrumb","itemListElement":[{"@type":"ListItem","position":1,"name":"Portada","item":"https:\/\/www.proquimia.com\/pt\/"},{"@type":"ListItem","position":2,"name":"V Encontro Internacional de Lavandaria, Tinturaria e Higieniza\u00e7\u00e3o CUBALAV 2013"}]},{"@type":"WebSite","@id":"https:\/\/www.proquimia.com\/pt\/#website","url":"https:\/\/www.proquimia.com\/pt\/","name":"Proquimia","description":"Soluciones qu\u00edmicas y Productos de Limpieza Industrial","publisher":{"@id":"https:\/\/www.proquimia.com\/pt\/#organization"},"potentialAction":[{"@type":"SearchAction","target":{"@type":"EntryPoint","urlTemplate":"https:\/\/www.proquimia.com\/pt\/?s={search_term_string}"},"query-input":{"@type":"PropertyValueSpecification","valueRequired":true,"valueName":"search_term_string"}}],"inLanguage":"pt-PT"},{"@type":"Organization","@id":"https:\/\/www.proquimia.com\/pt\/#organization","name":"Proquimia","url":"https:\/\/www.proquimia.com\/pt\/","logo":{"@type":"ImageObject","inLanguage":"pt-PT","@id":"https:\/\/www.proquimia.com\/pt\/#\/schema\/logo\/image\/","url":"https:\/\/www.proquimia.com\/wp-content\/uploads\/proquimia-logo-yoast.png","contentUrl":"https:\/\/www.proquimia.com\/wp-content\/uploads\/proquimia-logo-yoast.png","width":696,"height":696,"caption":"Proquimia"},"image":{"@id":"https:\/\/www.proquimia.com\/pt\/#\/schema\/logo\/image\/"},"sameAs":["https:\/\/www.facebook.com\/proquimia","https:\/\/x.com\/proquimia71","https:\/\/www.instagram.com\/proquimia_co\/","http:\/\/www.linkedin.com\/company\/proquimia","http:\/\/www.youtube.com\/user\/proquimiavic"]},{"@type":"Person","@id":"https:\/\/www.proquimia.com\/pt\/#\/schema\/person\/d7adcc500b852dda472d16dbca9d4ae1","name":"Proquimia","url":"https:\/\/www.proquimia.com\/pt\/author\/proquimia\/"}]}},"authors":[{"term_id":622,"user_id":2,"is_guest":0,"slug":"proquimia","display_name":"Proquimia","avatar_url":"https:\/\/secure.gravatar.com\/avatar\/21d466d625cf87ba3e07ff535bc203272340b35849b3ded8cdc2dfbb7ab18009?s=96&d=mm&r=g","0":null,"1":"","2":"","3":"","4":"","5":"","6":"","7":""}],"_links":{"self":[{"href":"https:\/\/www.proquimia.com\/pt\/wp-json\/wp\/v2\/posts\/59156","targetHints":{"allow":["GET"]}}],"collection":[{"href":"https:\/\/www.proquimia.com\/pt\/wp-json\/wp\/v2\/posts"}],"about":[{"href":"https:\/\/www.proquimia.com\/pt\/wp-json\/wp\/v2\/types\/post"}],"author":[{"embeddable":true,"href":"https:\/\/www.proquimia.com\/pt\/wp-json\/wp\/v2\/users\/2"}],"replies":[{"embeddable":true,"href":"https:\/\/www.proquimia.com\/pt\/wp-json\/wp\/v2\/comments?post=59156"}],"version-history":[{"count":0,"href":"https:\/\/www.proquimia.com\/pt\/wp-json\/wp\/v2\/posts\/59156\/revisions"}],"wp:attachment":[{"href":"https:\/\/www.proquimia.com\/pt\/wp-json\/wp\/v2\/media?parent=59156"}],"wp:term":[{"taxonomy":"category","embeddable":true,"href":"https:\/\/www.proquimia.com\/pt\/wp-json\/wp\/v2\/categories?post=59156"},{"taxonomy":"post_tag","embeddable":true,"href":"https:\/\/www.proquimia.com\/pt\/wp-json\/wp\/v2\/tags?post=59156"},{"taxonomy":"sector","embeddable":true,"href":"https:\/\/www.proquimia.com\/pt\/wp-json\/wp\/v2\/sector?post=59156"},{"taxonomy":"country","embeddable":true,"href":"https:\/\/www.proquimia.com\/pt\/wp-json\/wp\/v2\/country?post=59156"},{"taxonomy":"author","embeddable":true,"href":"https:\/\/www.proquimia.com\/pt\/wp-json\/wp\/v2\/ppma_author?post=59156"}],"curies":[{"name":"wp","href":"https:\/\/api.w.org\/{rel}","templated":true}]}}