{"id":35188,"date":"2012-03-20T15:07:35","date_gmt":"2012-03-20T14:07:35","guid":{"rendered":"https:\/\/www.proquimia.com\/o-maior-evento-do-sector-lacteo-na-regiao-que-mais-cresce-em-producao-de-leite\/"},"modified":"2025-12-12T12:37:33","modified_gmt":"2025-12-12T11:37:33","slug":"o-maior-evento-do-sector-lacteo-na-regiao-que-mais-cresce-em-producao-de-leite","status":"publish","type":"post","link":"https:\/\/www.proquimia.com\/pt-pt\/o-maior-evento-do-sector-lacteo-na-regiao-que-mais-cresce-em-producao-de-leite\/","title":{"rendered":"O maior evento do sector l\u00e1cteo na regi\u00e3o que mais cresce em produ\u00e7\u00e3o de leite"},"content":{"rendered":"\r\n<div class=\"vce-row-container\" data-vce-boxed-width=\"true\">\r\n<div id=\"el-6c7cdcaf\" class=\"vce-row vce-row--col-gap-30 vce-row-equal-height vce-row-content--top\" data-vce-do-apply=\"all el-6c7cdcaf\">\r\n<div class=\"vce-row-content\" data-vce-element-content=\"true\">\r\n\r\n\r\n<div id=\"el-253551ab\" class=\"vce-col vce-col--md-auto vce-col--xs-1 vce-col--xs-last vce-col--xs-first vce-col--sm-last vce-col--sm-first vce-col--md-last vce-col--lg-last vce-col--xl-last vce-col--md-first vce-col--lg-first vce-col--xl-first\">\r\n<div class=\"vce-col-inner\" data-vce-do-apply=\"border margin background el-253551ab\">\r\n<div class=\"vce-col-content\" data-vce-element-content=\"true\" data-vce-do-apply=\"padding el-253551ab\">\r\n\r\n\r\n<div class=\"vce-text-block\">\r\n<div id=\"el-3fa8f9a5\" class=\"vce-text-block-wrapper vce\" data-vce-do-apply=\"all el-3fa8f9a5\">\r\n\r\n<img loading=\"lazy\" decoding=\"async\" class=\"alignright\" title=\"InterLeite\" src=\"https:\/\/www.proquimia.com\/wp-content\/uploads\/2012\/03\/InterLeite.jpg\" alt=\"interleite sul 2012\" width=\"193\" height=\"281\" \/>\r\n<p style=\"text-align: justify;\">O Interleite Sul 2012 ser\u00e1 a terceira edi\u00e7\u00e3o do mais tradicional evento da pecu\u00e1ria leiteira do Brasil, por\u00e9m adaptado \u00e0 realidade e \u00e0s necessidades da regi\u00e3o Sul.<\/p>\r\n<p style=\"text-align: justify;\">O programa dessa edi\u00e7\u00e3o foi cuidadosamente elaborado a partir da consulta a diversos t\u00e9cnicos dos estados do Paran\u00e1, Santa Catarina e Rio Grande do Sul, al\u00e9m da experi\u00eancia e vis\u00e3o de nossa equipe.<\/p>\r\n<p style=\"text-align: justify;\">O resultado foi um programa abrangente, tratando de importantes temas estatuais que interessam a toda a cadeia, al\u00e9m de temas aplicados sobre as principais \u00e1reas t\u00e9cnicas: qualidade do leite e mastite, sanidade, reprodu\u00e7\u00e3o, conforto e nutri\u00e7\u00e3o.<\/p>\r\n<p style=\"text-align: justify;\">Al\u00e9m do programa altamente qualificado, o Interleite \u00e9 um espa\u00e7o em que as pessoas podem trocar informa\u00e7\u00f5es e fazer neg\u00f3cios.<\/p>\r\n<p style=\"text-align: justify;\">Proquimia Produtos Qu\u00edmicos do Brasil estar\u00e1 participando do 3 Simp\u00f3sio Sobre Produ\u00e7\u00e3o de Leite, Regi\u00e3o Sul, nos dias 3,4 e 5 de abril, como visitante.<\/p>\r\n<p style=\"text-align: justify;\">A programa\u00e7\u00e3o pode ser vista no site WWW.interleite.com.br\/sul<\/p>\r\n\r\n<\/div>\r\n<\/div>\r\n\r\n\r\n<\/div>\r\n<\/div>\r\n<\/div>\r\n\r\n\r\n<\/div>\r\n<\/div>\r\n<\/div>\r\n\n","protected":false},"excerpt":{"rendered":"<p>O Interleite Sul 2012 ser\u00e1 a terceira edi\u00e7\u00e3o do mais tradicional evento da pecu\u00e1ria leiteira do Brasil, por\u00e9m adaptado \u00e0 realidade e \u00e0s necessidades da regi\u00e3o Sul. O programa dessa edi\u00e7\u00e3o foi cuidadosamente elaborado a partir da consulta a diversos t\u00e9cnicos dos estados do Paran\u00e1, Santa Catarina e Rio Grande do Sul, al\u00e9m da experi\u00eancia [&hellip;]<\/p>\n","protected":false},"author":2,"featured_media":0,"comment_status":"closed","ping_status":"closed","sticky":false,"template":"","format":"standard","meta":{"_acf_changed":false,"inline_featured_image":false,"footnotes":""},"categories":[78],"tags":[],"sector":[],"country":[274],"ppma_author":[622],"class_list":["post-35188","post","type-post","status-publish","format-standard","hentry","category-proquimia","country-brazil-pt-pt"],"acf":[],"yoast_head":"<!-- This site is optimized with the Yoast SEO plugin v27.5 - https:\/\/yoast.com\/product\/yoast-seo-wordpress\/ -->\n<title>Maior evento do setor l\u00e1cteo na regi\u00e3o de maior crescimento<\/title>\n<meta name=\"description\" content=\"Proquimia estar\u00e1 presente no Interleite Sul 2012, o maior evento do setor l\u00e1cteo da regi\u00e3o com foco em qualidade e inova\u00e7\u00e3o.\" \/>\n<meta name=\"robots\" content=\"index, follow, max-snippet:-1, max-image-preview:large, max-video-preview:-1\" \/>\n<link rel=\"canonical\" href=\"https:\/\/www.proquimia.com\/pt\/pt-pt\/o-maior-evento-do-sector-lacteo-na-regiao-que-mais-cresce-em-producao-de-leite\/\" \/>\n<meta property=\"og:locale\" content=\"pt_PT\" \/>\n<meta property=\"og:type\" content=\"article\" \/>\n<meta property=\"og:title\" content=\"Maior evento do setor l\u00e1cteo na regi\u00e3o de maior crescimento\" \/>\n<meta property=\"og:description\" content=\"Proquimia estar\u00e1 presente no Interleite Sul 2012, o maior evento do setor l\u00e1cteo da regi\u00e3o com foco em qualidade e inova\u00e7\u00e3o.\" \/>\n<meta property=\"og:url\" content=\"https:\/\/www.proquimia.com\/pt-pt\/o-maior-evento-do-sector-lacteo-na-regiao-que-mais-cresce-em-producao-de-leite\/\" \/>\n<meta property=\"og:site_name\" content=\"Proquimia\" \/>\n<meta property=\"article:publisher\" content=\"https:\/\/www.facebook.com\/proquimia\" \/>\n<meta property=\"article:published_time\" content=\"2012-03-20T14:07:35+00:00\" \/>\n<meta property=\"article:modified_time\" content=\"2025-12-12T11:37:33+00:00\" \/>\n<meta property=\"og:image\" content=\"https:\/\/www.proquimia.com\/wp-content\/uploads\/2012\/03\/InterLeite.jpg\" \/>\n<meta name=\"author\" content=\"Proquimia\" \/>\n<meta name=\"twitter:card\" content=\"summary_large_image\" \/>\n<meta name=\"twitter:creator\" content=\"@proquimia71\" \/>\n<meta name=\"twitter:site\" content=\"@proquimia71\" \/>\n<meta name=\"twitter:label1\" content=\"Escrito por\" \/>\n\t<meta name=\"twitter:data1\" content=\"Proquimia\" \/>\n\t<meta name=\"twitter:label2\" content=\"Tempo estimado de leitura\" \/>\n\t<meta name=\"twitter:data2\" content=\"1 minuto\" \/>\n<script type=\"application\/ld+json\" class=\"yoast-schema-graph\">{\"@context\":\"https:\\\/\\\/schema.org\",\"@graph\":[{\"@type\":\"Article\",\"@id\":\"https:\\\/\\\/www.proquimia.com\\\/pt-pt\\\/o-maior-evento-do-sector-lacteo-na-regiao-que-mais-cresce-em-producao-de-leite\\\/#article\",\"isPartOf\":{\"@id\":\"https:\\\/\\\/www.proquimia.com\\\/pt-pt\\\/o-maior-evento-do-sector-lacteo-na-regiao-que-mais-cresce-em-producao-de-leite\\\/\"},\"author\":{\"name\":\"Proquimia\",\"@id\":\"https:\\\/\\\/www.proquimia.com\\\/pt\\\/#\\\/schema\\\/person\\\/d7adcc500b852dda472d16dbca9d4ae1\"},\"headline\":\"O maior evento do sector l\u00e1cteo na regi\u00e3o que mais cresce em produ\u00e7\u00e3o de leite\",\"datePublished\":\"2012-03-20T14:07:35+00:00\",\"dateModified\":\"2025-12-12T11:37:33+00:00\",\"mainEntityOfPage\":{\"@id\":\"https:\\\/\\\/www.proquimia.com\\\/pt-pt\\\/o-maior-evento-do-sector-lacteo-na-regiao-que-mais-cresce-em-producao-de-leite\\\/\"},\"wordCount\":187,\"publisher\":{\"@id\":\"https:\\\/\\\/www.proquimia.com\\\/pt\\\/#organization\"},\"image\":{\"@id\":\"https:\\\/\\\/www.proquimia.com\\\/pt-pt\\\/o-maior-evento-do-sector-lacteo-na-regiao-que-mais-cresce-em-producao-de-leite\\\/#primaryimage\"},\"thumbnailUrl\":\"https:\\\/\\\/www.proquimia.com\\\/wp-content\\\/uploads\\\/2012\\\/03\\\/InterLeite.jpg\",\"articleSection\":[\"Proquimia\"],\"inLanguage\":\"pt-PT\"},{\"@type\":\"WebPage\",\"@id\":\"https:\\\/\\\/www.proquimia.com\\\/pt-pt\\\/o-maior-evento-do-sector-lacteo-na-regiao-que-mais-cresce-em-producao-de-leite\\\/\",\"url\":\"https:\\\/\\\/www.proquimia.com\\\/pt-pt\\\/o-maior-evento-do-sector-lacteo-na-regiao-que-mais-cresce-em-producao-de-leite\\\/\",\"name\":\"Maior evento do setor l\u00e1cteo na regi\u00e3o de maior crescimento\",\"isPartOf\":{\"@id\":\"https:\\\/\\\/www.proquimia.com\\\/pt\\\/#website\"},\"primaryImageOfPage\":{\"@id\":\"https:\\\/\\\/www.proquimia.com\\\/pt-pt\\\/o-maior-evento-do-sector-lacteo-na-regiao-que-mais-cresce-em-producao-de-leite\\\/#primaryimage\"},\"image\":{\"@id\":\"https:\\\/\\\/www.proquimia.com\\\/pt-pt\\\/o-maior-evento-do-sector-lacteo-na-regiao-que-mais-cresce-em-producao-de-leite\\\/#primaryimage\"},\"thumbnailUrl\":\"https:\\\/\\\/www.proquimia.com\\\/wp-content\\\/uploads\\\/2012\\\/03\\\/InterLeite.jpg\",\"datePublished\":\"2012-03-20T14:07:35+00:00\",\"dateModified\":\"2025-12-12T11:37:33+00:00\",\"description\":\"Proquimia estar\u00e1 presente no Interleite Sul 2012, o maior evento do setor l\u00e1cteo da regi\u00e3o com foco em qualidade e inova\u00e7\u00e3o.\",\"breadcrumb\":{\"@id\":\"https:\\\/\\\/www.proquimia.com\\\/pt-pt\\\/o-maior-evento-do-sector-lacteo-na-regiao-que-mais-cresce-em-producao-de-leite\\\/#breadcrumb\"},\"inLanguage\":\"pt-PT\",\"potentialAction\":[{\"@type\":\"ReadAction\",\"target\":[\"https:\\\/\\\/www.proquimia.com\\\/pt-pt\\\/o-maior-evento-do-sector-lacteo-na-regiao-que-mais-cresce-em-producao-de-leite\\\/\"]}]},{\"@type\":\"ImageObject\",\"inLanguage\":\"pt-PT\",\"@id\":\"https:\\\/\\\/www.proquimia.com\\\/pt-pt\\\/o-maior-evento-do-sector-lacteo-na-regiao-que-mais-cresce-em-producao-de-leite\\\/#primaryimage\",\"url\":\"https:\\\/\\\/www.proquimia.com\\\/wp-content\\\/uploads\\\/2012\\\/03\\\/InterLeite.jpg\",\"contentUrl\":\"https:\\\/\\\/www.proquimia.com\\\/wp-content\\\/uploads\\\/2012\\\/03\\\/InterLeite.jpg\"},{\"@type\":\"BreadcrumbList\",\"@id\":\"https:\\\/\\\/www.proquimia.com\\\/pt-pt\\\/o-maior-evento-do-sector-lacteo-na-regiao-que-mais-cresce-em-producao-de-leite\\\/#breadcrumb\",\"itemListElement\":[{\"@type\":\"ListItem\",\"position\":1,\"name\":\"Portada\",\"item\":\"https:\\\/\\\/www.proquimia.com\\\/pt\\\/\"},{\"@type\":\"ListItem\",\"position\":2,\"name\":\"O maior evento do sector l\u00e1cteo na regi\u00e3o que mais cresce em produ\u00e7\u00e3o de leite\"}]},{\"@type\":\"WebSite\",\"@id\":\"https:\\\/\\\/www.proquimia.com\\\/pt\\\/#website\",\"url\":\"https:\\\/\\\/www.proquimia.com\\\/pt\\\/\",\"name\":\"Proquimia\",\"description\":\"Soluciones qu\u00edmicas y Productos de Limpieza Industrial\",\"publisher\":{\"@id\":\"https:\\\/\\\/www.proquimia.com\\\/pt\\\/#organization\"},\"potentialAction\":[{\"@type\":\"SearchAction\",\"target\":{\"@type\":\"EntryPoint\",\"urlTemplate\":\"https:\\\/\\\/www.proquimia.com\\\/pt\\\/?s={search_term_string}\"},\"query-input\":{\"@type\":\"PropertyValueSpecification\",\"valueRequired\":true,\"valueName\":\"search_term_string\"}}],\"inLanguage\":\"pt-PT\"},{\"@type\":\"Organization\",\"@id\":\"https:\\\/\\\/www.proquimia.com\\\/pt\\\/#organization\",\"name\":\"Proquimia\",\"url\":\"https:\\\/\\\/www.proquimia.com\\\/pt\\\/\",\"logo\":{\"@type\":\"ImageObject\",\"inLanguage\":\"pt-PT\",\"@id\":\"https:\\\/\\\/www.proquimia.com\\\/pt\\\/#\\\/schema\\\/logo\\\/image\\\/\",\"url\":\"https:\\\/\\\/www.proquimia.com\\\/wp-content\\\/uploads\\\/proquimia-logo-yoast.png\",\"contentUrl\":\"https:\\\/\\\/www.proquimia.com\\\/wp-content\\\/uploads\\\/proquimia-logo-yoast.png\",\"width\":696,\"height\":696,\"caption\":\"Proquimia\"},\"image\":{\"@id\":\"https:\\\/\\\/www.proquimia.com\\\/pt\\\/#\\\/schema\\\/logo\\\/image\\\/\"},\"sameAs\":[\"https:\\\/\\\/www.facebook.com\\\/proquimia\",\"https:\\\/\\\/x.com\\\/proquimia71\",\"https:\\\/\\\/www.instagram.com\\\/proquimia_co\\\/\",\"http:\\\/\\\/www.linkedin.com\\\/company\\\/proquimia\",\"http:\\\/\\\/www.youtube.com\\\/user\\\/proquimiavic\"]},{\"@type\":\"Person\",\"@id\":\"https:\\\/\\\/www.proquimia.com\\\/pt\\\/#\\\/schema\\\/person\\\/d7adcc500b852dda472d16dbca9d4ae1\",\"name\":\"Proquimia\",\"url\":\"https:\\\/\\\/www.proquimia.com\\\/pt\\\/author\\\/proquimia\\\/\"}]}<\/script>\n<!-- \/ Yoast SEO plugin. -->","yoast_head_json":{"title":"Maior evento do setor l\u00e1cteo na regi\u00e3o de maior crescimento","description":"Proquimia estar\u00e1 presente no Interleite Sul 2012, o maior evento do setor l\u00e1cteo da regi\u00e3o com foco em qualidade e inova\u00e7\u00e3o.","robots":{"index":"index","follow":"follow","max-snippet":"max-snippet:-1","max-image-preview":"max-image-preview:large","max-video-preview":"max-video-preview:-1"},"canonical":"https:\/\/www.proquimia.com\/pt\/pt-pt\/o-maior-evento-do-sector-lacteo-na-regiao-que-mais-cresce-em-producao-de-leite\/","og_locale":"pt_PT","og_type":"article","og_title":"Maior evento do setor l\u00e1cteo na regi\u00e3o de maior crescimento","og_description":"Proquimia estar\u00e1 presente no Interleite Sul 2012, o maior evento do setor l\u00e1cteo da regi\u00e3o com foco em qualidade e inova\u00e7\u00e3o.","og_url":"https:\/\/www.proquimia.com\/pt-pt\/o-maior-evento-do-sector-lacteo-na-regiao-que-mais-cresce-em-producao-de-leite\/","og_site_name":"Proquimia","article_publisher":"https:\/\/www.facebook.com\/proquimia","article_published_time":"2012-03-20T14:07:35+00:00","article_modified_time":"2025-12-12T11:37:33+00:00","og_image":[{"url":"https:\/\/www.proquimia.com\/wp-content\/uploads\/2012\/03\/InterLeite.jpg","type":"","width":"","height":""}],"author":"Proquimia","twitter_card":"summary_large_image","twitter_creator":"@proquimia71","twitter_site":"@proquimia71","twitter_misc":{"Escrito por":"Proquimia","Tempo estimado de leitura":"1 minuto"},"schema":{"@context":"https:\/\/schema.org","@graph":[{"@type":"Article","@id":"https:\/\/www.proquimia.com\/pt-pt\/o-maior-evento-do-sector-lacteo-na-regiao-que-mais-cresce-em-producao-de-leite\/#article","isPartOf":{"@id":"https:\/\/www.proquimia.com\/pt-pt\/o-maior-evento-do-sector-lacteo-na-regiao-que-mais-cresce-em-producao-de-leite\/"},"author":{"name":"Proquimia","@id":"https:\/\/www.proquimia.com\/pt\/#\/schema\/person\/d7adcc500b852dda472d16dbca9d4ae1"},"headline":"O maior evento do sector l\u00e1cteo na regi\u00e3o que mais cresce em produ\u00e7\u00e3o de leite","datePublished":"2012-03-20T14:07:35+00:00","dateModified":"2025-12-12T11:37:33+00:00","mainEntityOfPage":{"@id":"https:\/\/www.proquimia.com\/pt-pt\/o-maior-evento-do-sector-lacteo-na-regiao-que-mais-cresce-em-producao-de-leite\/"},"wordCount":187,"publisher":{"@id":"https:\/\/www.proquimia.com\/pt\/#organization"},"image":{"@id":"https:\/\/www.proquimia.com\/pt-pt\/o-maior-evento-do-sector-lacteo-na-regiao-que-mais-cresce-em-producao-de-leite\/#primaryimage"},"thumbnailUrl":"https:\/\/www.proquimia.com\/wp-content\/uploads\/2012\/03\/InterLeite.jpg","articleSection":["Proquimia"],"inLanguage":"pt-PT"},{"@type":"WebPage","@id":"https:\/\/www.proquimia.com\/pt-pt\/o-maior-evento-do-sector-lacteo-na-regiao-que-mais-cresce-em-producao-de-leite\/","url":"https:\/\/www.proquimia.com\/pt-pt\/o-maior-evento-do-sector-lacteo-na-regiao-que-mais-cresce-em-producao-de-leite\/","name":"Maior evento do setor l\u00e1cteo na regi\u00e3o de maior crescimento","isPartOf":{"@id":"https:\/\/www.proquimia.com\/pt\/#website"},"primaryImageOfPage":{"@id":"https:\/\/www.proquimia.com\/pt-pt\/o-maior-evento-do-sector-lacteo-na-regiao-que-mais-cresce-em-producao-de-leite\/#primaryimage"},"image":{"@id":"https:\/\/www.proquimia.com\/pt-pt\/o-maior-evento-do-sector-lacteo-na-regiao-que-mais-cresce-em-producao-de-leite\/#primaryimage"},"thumbnailUrl":"https:\/\/www.proquimia.com\/wp-content\/uploads\/2012\/03\/InterLeite.jpg","datePublished":"2012-03-20T14:07:35+00:00","dateModified":"2025-12-12T11:37:33+00:00","description":"Proquimia estar\u00e1 presente no Interleite Sul 2012, o maior evento do setor l\u00e1cteo da regi\u00e3o com foco em qualidade e inova\u00e7\u00e3o.","breadcrumb":{"@id":"https:\/\/www.proquimia.com\/pt-pt\/o-maior-evento-do-sector-lacteo-na-regiao-que-mais-cresce-em-producao-de-leite\/#breadcrumb"},"inLanguage":"pt-PT","potentialAction":[{"@type":"ReadAction","target":["https:\/\/www.proquimia.com\/pt-pt\/o-maior-evento-do-sector-lacteo-na-regiao-que-mais-cresce-em-producao-de-leite\/"]}]},{"@type":"ImageObject","inLanguage":"pt-PT","@id":"https:\/\/www.proquimia.com\/pt-pt\/o-maior-evento-do-sector-lacteo-na-regiao-que-mais-cresce-em-producao-de-leite\/#primaryimage","url":"https:\/\/www.proquimia.com\/wp-content\/uploads\/2012\/03\/InterLeite.jpg","contentUrl":"https:\/\/www.proquimia.com\/wp-content\/uploads\/2012\/03\/InterLeite.jpg"},{"@type":"BreadcrumbList","@id":"https:\/\/www.proquimia.com\/pt-pt\/o-maior-evento-do-sector-lacteo-na-regiao-que-mais-cresce-em-producao-de-leite\/#breadcrumb","itemListElement":[{"@type":"ListItem","position":1,"name":"Portada","item":"https:\/\/www.proquimia.com\/pt\/"},{"@type":"ListItem","position":2,"name":"O maior evento do sector l\u00e1cteo na regi\u00e3o que mais cresce em produ\u00e7\u00e3o de leite"}]},{"@type":"WebSite","@id":"https:\/\/www.proquimia.com\/pt\/#website","url":"https:\/\/www.proquimia.com\/pt\/","name":"Proquimia","description":"Soluciones qu\u00edmicas y Productos de Limpieza Industrial","publisher":{"@id":"https:\/\/www.proquimia.com\/pt\/#organization"},"potentialAction":[{"@type":"SearchAction","target":{"@type":"EntryPoint","urlTemplate":"https:\/\/www.proquimia.com\/pt\/?s={search_term_string}"},"query-input":{"@type":"PropertyValueSpecification","valueRequired":true,"valueName":"search_term_string"}}],"inLanguage":"pt-PT"},{"@type":"Organization","@id":"https:\/\/www.proquimia.com\/pt\/#organization","name":"Proquimia","url":"https:\/\/www.proquimia.com\/pt\/","logo":{"@type":"ImageObject","inLanguage":"pt-PT","@id":"https:\/\/www.proquimia.com\/pt\/#\/schema\/logo\/image\/","url":"https:\/\/www.proquimia.com\/wp-content\/uploads\/proquimia-logo-yoast.png","contentUrl":"https:\/\/www.proquimia.com\/wp-content\/uploads\/proquimia-logo-yoast.png","width":696,"height":696,"caption":"Proquimia"},"image":{"@id":"https:\/\/www.proquimia.com\/pt\/#\/schema\/logo\/image\/"},"sameAs":["https:\/\/www.facebook.com\/proquimia","https:\/\/x.com\/proquimia71","https:\/\/www.instagram.com\/proquimia_co\/","http:\/\/www.linkedin.com\/company\/proquimia","http:\/\/www.youtube.com\/user\/proquimiavic"]},{"@type":"Person","@id":"https:\/\/www.proquimia.com\/pt\/#\/schema\/person\/d7adcc500b852dda472d16dbca9d4ae1","name":"Proquimia","url":"https:\/\/www.proquimia.com\/pt\/author\/proquimia\/"}]}},"authors":[{"term_id":622,"user_id":2,"is_guest":0,"slug":"proquimia","display_name":"Proquimia","avatar_url":"https:\/\/secure.gravatar.com\/avatar\/21d466d625cf87ba3e07ff535bc203272340b35849b3ded8cdc2dfbb7ab18009?s=96&d=mm&r=g","0":null,"1":"","2":"","3":"","4":"","5":"","6":"","7":""}],"_links":{"self":[{"href":"https:\/\/www.proquimia.com\/pt\/wp-json\/wp\/v2\/posts\/35188","targetHints":{"allow":["GET"]}}],"collection":[{"href":"https:\/\/www.proquimia.com\/pt\/wp-json\/wp\/v2\/posts"}],"about":[{"href":"https:\/\/www.proquimia.com\/pt\/wp-json\/wp\/v2\/types\/post"}],"author":[{"embeddable":true,"href":"https:\/\/www.proquimia.com\/pt\/wp-json\/wp\/v2\/users\/2"}],"replies":[{"embeddable":true,"href":"https:\/\/www.proquimia.com\/pt\/wp-json\/wp\/v2\/comments?post=35188"}],"version-history":[{"count":6,"href":"https:\/\/www.proquimia.com\/pt\/wp-json\/wp\/v2\/posts\/35188\/revisions"}],"predecessor-version":[{"id":57374,"href":"https:\/\/www.proquimia.com\/pt\/wp-json\/wp\/v2\/posts\/35188\/revisions\/57374"}],"wp:attachment":[{"href":"https:\/\/www.proquimia.com\/pt\/wp-json\/wp\/v2\/media?parent=35188"}],"wp:term":[{"taxonomy":"category","embeddable":true,"href":"https:\/\/www.proquimia.com\/pt\/wp-json\/wp\/v2\/categories?post=35188"},{"taxonomy":"post_tag","embeddable":true,"href":"https:\/\/www.proquimia.com\/pt\/wp-json\/wp\/v2\/tags?post=35188"},{"taxonomy":"sector","embeddable":true,"href":"https:\/\/www.proquimia.com\/pt\/wp-json\/wp\/v2\/sector?post=35188"},{"taxonomy":"country","embeddable":true,"href":"https:\/\/www.proquimia.com\/pt\/wp-json\/wp\/v2\/country?post=35188"},{"taxonomy":"author","embeddable":true,"href":"https:\/\/www.proquimia.com\/pt\/wp-json\/wp\/v2\/ppma_author?post=35188"}],"curies":[{"name":"wp","href":"https:\/\/api.w.org\/{rel}","templated":true}]}}