{"id":35136,"date":"2014-11-13T11:00:27","date_gmt":"2014-11-13T10:00:27","guid":{"rendered":"https:\/\/www.proquimia.com\/proquimia-recoit-le-prix-a-la-responsabilite-sociale-des-entreprises-de-la-part-de-la-chambre-de-commerce\/"},"modified":"2025-12-11T09:16:06","modified_gmt":"2025-12-11T08:16:06","slug":"proquimia-recoit-le-prix-a-la-responsabilite-sociale-des-entreprises-de-la-part-de-la-chambre-de-commerce","status":"publish","type":"post","link":"https:\/\/www.proquimia.com\/fr\/proquimia-recoit-le-prix-a-la-responsabilite-sociale-des-entreprises-de-la-part-de-la-chambre-de-commerce\/","title":{"rendered":"Proquimia re\u00e7oit le Prix \u00e0 la Responsabilit\u00e9 Sociale des Entreprises de la part de la Chambre de Commerce"},"content":{"rendered":"<p><img loading=\"lazy\" decoding=\"async\" class=\"alignright size-medium wp-image-5640\" title=\"IMG_3360\" src=\"https:\/\/www.proquimia.com\/wp-content\/uploads\/2014\/11\/IMG_3360-300x275.jpg\" alt=\"\" width=\"300\" height=\"275\" \/><\/p>\n<ul>\n<li><strong>Proquimia a \u00e9t\u00e9 choisi pour son parcours d&rsquo;entrepreneur dans les projets de recherche et d\u00e9veloppement visant \u00e0 r\u00e9duire l&rsquo;impact environnemental.<\/strong><\/li>\n<li><strong>Le rapport de d\u00e9veloppement durable de Proquimia est l\u2019instrument essentiel pour l&rsquo;obtention de cette distinction.<\/strong><\/li>\n<\/ul>\n<p>La d\u00e9l\u00e9gation de la Chambre de Commerce de Barcelone a remis dans le cadre de la Journ\u00e9e de la Chambre \u00e0 Osona, les prix \u201cChambre\u201d accord\u00e9s dans diff\u00e9rents domaines.<\/p>\n<p>Proquimia est honor\u00e9e avec le Prix de la Responsabilit\u00e9 sociale des entreprises.<\/p>\n<p>Ce prix est attribu\u00e9 notamment en reconnaissance du travail novateur \u00e0 travers des projets de d\u00e9veloppement visant \u00e0 r\u00e9duire les risques et l\u2019impact sur l\u2019environnement, r\u00e9alis\u00e9 en \u00e9troite collaboration avec les universit\u00e9s et centres technologiques.<\/p>\n<p>Ces projets ont abouti dans des am\u00e9liorations importantes dans les domaines des emballages, des syst\u00e8mes de dosage et de la composition des produits ainsi que dans le d\u00e9veloppement des produits avec la certification Ecolabel et une faible valeur de l\u2019empreinte carbone.\u00a0 A titre d\u2019exemple cela sont la recherche d\u2019alternatives \u00e0 l\u2019utilisation des phosphates, le chrome et le chlorure de m\u00e9thyl\u00e8ne dans les processus de traitement des surfaces m\u00e9talliques, le remplacement de l\u2019agent complexant NTA dans les d\u00e9tergents par d\u2019autres composants avec un meilleur profil \u00e9co-toxicologique ou l\u2019utilisation de la technologie enzymatique pour le lavage des textiles \u00e0 basses temp\u00e9ratures.<\/p>\n","protected":false},"excerpt":{"rendered":"<p>Proquimia a \u00e9t\u00e9 choisi pour son parcours d&rsquo;entrepreneur dans les projets de recherche et d\u00e9veloppement visant \u00e0 r\u00e9duire l&rsquo;impact environnemental. Le rapport de d\u00e9veloppement durable de Proquimia est l\u2019instrument essentiel pour l&rsquo;obtention de cette distinction. La d\u00e9l\u00e9gation de la Chambre de Commerce de Barcelone a remis dans le cadre de la Journ\u00e9e de la Chambre [&hellip;]<\/p>\n","protected":false},"author":2,"featured_media":0,"comment_status":"closed","ping_status":"closed","sticky":false,"template":"","format":"standard","meta":{"_acf_changed":false,"inline_featured_image":false,"footnotes":""},"categories":[76],"tags":[],"sector":[508],"country":[305,309,313,317,321,325,265,269,273,277,281,285,289,293,297,301],"ppma_author":[622],"class_list":["post-35136","post","type-post","status-publish","format-standard","hentry","category-proquimia","sector-cadeau","country-morocco-fr","country-panama-fr","country-portugal-fr","country-republica-dominicana-fr","country-tunisia-fr","country-venezuela-fr","country-algeria-fr","country-andorra-fr","country-brazil-fr","country-chile-fr","country-colombia-fr","country-costa-rica-fr","country-cuba-fr","country-espana-fr","country-france-fr","country-mexico-fr"],"acf":[],"yoast_head":"<!-- This site is optimized with the Yoast SEO plugin v27.5 - https:\/\/yoast.com\/product\/yoast-seo-wordpress\/ -->\n<title>R\u00e9compens\u00e9e par la Chambre de Commerce pour sa RSE<\/title>\n<meta name=\"description\" content=\"Proquimia re\u00e7oit le Prix Responsabilit\u00e9 Sociale Proquimia pour son engagement en faveur de l\u2019innovation durable.\" \/>\n<meta name=\"robots\" content=\"index, follow, max-snippet:-1, max-image-preview:large, max-video-preview:-1\" \/>\n<link rel=\"canonical\" href=\"https:\/\/www.proquimia.com\/fr\/proquimia-recoit-le-prix-a-la-responsabilite-sociale-des-entreprises-de-la-part-de-la-chambre-de-commerce\/\" \/>\n<meta property=\"og:locale\" content=\"fr_FR\" \/>\n<meta property=\"og:type\" content=\"article\" \/>\n<meta property=\"og:title\" content=\"R\u00e9compens\u00e9e par la Chambre de Commerce pour sa RSE\" \/>\n<meta property=\"og:description\" content=\"Proquimia re\u00e7oit le Prix Responsabilit\u00e9 Sociale Proquimia pour son engagement en faveur de l\u2019innovation durable.\" \/>\n<meta property=\"og:url\" content=\"https:\/\/www.proquimia.com\/fr\/proquimia-recoit-le-prix-a-la-responsabilite-sociale-des-entreprises-de-la-part-de-la-chambre-de-commerce\/\" \/>\n<meta property=\"og:site_name\" content=\"Proquimia\" \/>\n<meta property=\"article:publisher\" content=\"https:\/\/www.facebook.com\/proquimia\" \/>\n<meta property=\"article:published_time\" content=\"2014-11-13T10:00:27+00:00\" \/>\n<meta property=\"article:modified_time\" content=\"2025-12-11T08:16:06+00:00\" \/>\n<meta name=\"author\" content=\"Proquimia\" \/>\n<meta name=\"twitter:card\" content=\"summary_large_image\" \/>\n<meta name=\"twitter:creator\" content=\"@proquimia71\" \/>\n<meta name=\"twitter:site\" content=\"@proquimia71\" \/>\n<meta name=\"twitter:label1\" content=\"\u00c9crit par\" \/>\n\t<meta name=\"twitter:data1\" content=\"Proquimia\" \/>\n\t<meta name=\"twitter:label2\" content=\"Dur\u00e9e de lecture estim\u00e9e\" \/>\n\t<meta name=\"twitter:data2\" content=\"2 minutes\" \/>\n<script type=\"application\/ld+json\" class=\"yoast-schema-graph\">{\"@context\":\"https:\\\/\\\/schema.org\",\"@graph\":[{\"@type\":\"Article\",\"@id\":\"https:\\\/\\\/www.proquimia.com\\\/fr\\\/proquimia-recoit-le-prix-a-la-responsabilite-sociale-des-entreprises-de-la-part-de-la-chambre-de-commerce\\\/#article\",\"isPartOf\":{\"@id\":\"https:\\\/\\\/www.proquimia.com\\\/fr\\\/proquimia-recoit-le-prix-a-la-responsabilite-sociale-des-entreprises-de-la-part-de-la-chambre-de-commerce\\\/\"},\"author\":{\"name\":\"Proquimia\",\"@id\":\"https:\\\/\\\/www.proquimia.com\\\/fr\\\/#\\\/schema\\\/person\\\/d7adcc500b852dda472d16dbca9d4ae1\"},\"headline\":\"Proquimia re\u00e7oit le Prix \u00e0 la Responsabilit\u00e9 Sociale des Entreprises de la part de la Chambre de Commerce\",\"datePublished\":\"2014-11-13T10:00:27+00:00\",\"dateModified\":\"2025-12-11T08:16:06+00:00\",\"mainEntityOfPage\":{\"@id\":\"https:\\\/\\\/www.proquimia.com\\\/fr\\\/proquimia-recoit-le-prix-a-la-responsabilite-sociale-des-entreprises-de-la-part-de-la-chambre-de-commerce\\\/\"},\"wordCount\":256,\"publisher\":{\"@id\":\"https:\\\/\\\/www.proquimia.com\\\/fr\\\/#organization\"},\"image\":{\"@id\":\"https:\\\/\\\/www.proquimia.com\\\/fr\\\/proquimia-recoit-le-prix-a-la-responsabilite-sociale-des-entreprises-de-la-part-de-la-chambre-de-commerce\\\/#primaryimage\"},\"thumbnailUrl\":\"https:\\\/\\\/www.proquimia.com\\\/wp-content\\\/uploads\\\/2014\\\/11\\\/IMG_3360-300x275.jpg\",\"articleSection\":[\"Proquimia\"],\"inLanguage\":\"fr-FR\"},{\"@type\":\"WebPage\",\"@id\":\"https:\\\/\\\/www.proquimia.com\\\/fr\\\/proquimia-recoit-le-prix-a-la-responsabilite-sociale-des-entreprises-de-la-part-de-la-chambre-de-commerce\\\/\",\"url\":\"https:\\\/\\\/www.proquimia.com\\\/fr\\\/proquimia-recoit-le-prix-a-la-responsabilite-sociale-des-entreprises-de-la-part-de-la-chambre-de-commerce\\\/\",\"name\":\"R\u00e9compens\u00e9e par la Chambre de Commerce pour sa RSE\",\"isPartOf\":{\"@id\":\"https:\\\/\\\/www.proquimia.com\\\/fr\\\/#website\"},\"primaryImageOfPage\":{\"@id\":\"https:\\\/\\\/www.proquimia.com\\\/fr\\\/proquimia-recoit-le-prix-a-la-responsabilite-sociale-des-entreprises-de-la-part-de-la-chambre-de-commerce\\\/#primaryimage\"},\"image\":{\"@id\":\"https:\\\/\\\/www.proquimia.com\\\/fr\\\/proquimia-recoit-le-prix-a-la-responsabilite-sociale-des-entreprises-de-la-part-de-la-chambre-de-commerce\\\/#primaryimage\"},\"thumbnailUrl\":\"https:\\\/\\\/www.proquimia.com\\\/wp-content\\\/uploads\\\/2014\\\/11\\\/IMG_3360-300x275.jpg\",\"datePublished\":\"2014-11-13T10:00:27+00:00\",\"dateModified\":\"2025-12-11T08:16:06+00:00\",\"description\":\"Proquimia re\u00e7oit le Prix Responsabilit\u00e9 Sociale Proquimia pour son engagement en faveur de l\u2019innovation durable.\",\"breadcrumb\":{\"@id\":\"https:\\\/\\\/www.proquimia.com\\\/fr\\\/proquimia-recoit-le-prix-a-la-responsabilite-sociale-des-entreprises-de-la-part-de-la-chambre-de-commerce\\\/#breadcrumb\"},\"inLanguage\":\"fr-FR\",\"potentialAction\":[{\"@type\":\"ReadAction\",\"target\":[\"https:\\\/\\\/www.proquimia.com\\\/fr\\\/proquimia-recoit-le-prix-a-la-responsabilite-sociale-des-entreprises-de-la-part-de-la-chambre-de-commerce\\\/\"]}]},{\"@type\":\"ImageObject\",\"inLanguage\":\"fr-FR\",\"@id\":\"https:\\\/\\\/www.proquimia.com\\\/fr\\\/proquimia-recoit-le-prix-a-la-responsabilite-sociale-des-entreprises-de-la-part-de-la-chambre-de-commerce\\\/#primaryimage\",\"url\":\"https:\\\/\\\/www.proquimia.com\\\/wp-content\\\/uploads\\\/2014\\\/11\\\/IMG_3360-300x275.jpg\",\"contentUrl\":\"https:\\\/\\\/www.proquimia.com\\\/wp-content\\\/uploads\\\/2014\\\/11\\\/IMG_3360-300x275.jpg\"},{\"@type\":\"BreadcrumbList\",\"@id\":\"https:\\\/\\\/www.proquimia.com\\\/fr\\\/proquimia-recoit-le-prix-a-la-responsabilite-sociale-des-entreprises-de-la-part-de-la-chambre-de-commerce\\\/#breadcrumb\",\"itemListElement\":[{\"@type\":\"ListItem\",\"position\":1,\"name\":\"Portada\",\"item\":\"https:\\\/\\\/www.proquimia.com\\\/fr\\\/\"},{\"@type\":\"ListItem\",\"position\":2,\"name\":\"Proquimia re\u00e7oit le Prix \u00e0 la Responsabilit\u00e9 Sociale des Entreprises de la part de la Chambre de Commerce\"}]},{\"@type\":\"WebSite\",\"@id\":\"https:\\\/\\\/www.proquimia.com\\\/fr\\\/#website\",\"url\":\"https:\\\/\\\/www.proquimia.com\\\/fr\\\/\",\"name\":\"Proquimia\",\"description\":\"Soluciones qu\u00edmicas y Productos de Limpieza Industrial\",\"publisher\":{\"@id\":\"https:\\\/\\\/www.proquimia.com\\\/fr\\\/#organization\"},\"potentialAction\":[{\"@type\":\"SearchAction\",\"target\":{\"@type\":\"EntryPoint\",\"urlTemplate\":\"https:\\\/\\\/www.proquimia.com\\\/fr\\\/?s={search_term_string}\"},\"query-input\":{\"@type\":\"PropertyValueSpecification\",\"valueRequired\":true,\"valueName\":\"search_term_string\"}}],\"inLanguage\":\"fr-FR\"},{\"@type\":\"Organization\",\"@id\":\"https:\\\/\\\/www.proquimia.com\\\/fr\\\/#organization\",\"name\":\"Proquimia\",\"url\":\"https:\\\/\\\/www.proquimia.com\\\/fr\\\/\",\"logo\":{\"@type\":\"ImageObject\",\"inLanguage\":\"fr-FR\",\"@id\":\"https:\\\/\\\/www.proquimia.com\\\/fr\\\/#\\\/schema\\\/logo\\\/image\\\/\",\"url\":\"https:\\\/\\\/www.proquimia.com\\\/wp-content\\\/uploads\\\/proquimia-logo-yoast.png\",\"contentUrl\":\"https:\\\/\\\/www.proquimia.com\\\/wp-content\\\/uploads\\\/proquimia-logo-yoast.png\",\"width\":696,\"height\":696,\"caption\":\"Proquimia\"},\"image\":{\"@id\":\"https:\\\/\\\/www.proquimia.com\\\/fr\\\/#\\\/schema\\\/logo\\\/image\\\/\"},\"sameAs\":[\"https:\\\/\\\/www.facebook.com\\\/proquimia\",\"https:\\\/\\\/x.com\\\/proquimia71\",\"https:\\\/\\\/www.instagram.com\\\/proquimia_co\\\/\",\"http:\\\/\\\/www.linkedin.com\\\/company\\\/proquimia\",\"http:\\\/\\\/www.youtube.com\\\/user\\\/proquimiavic\"]},{\"@type\":\"Person\",\"@id\":\"https:\\\/\\\/www.proquimia.com\\\/fr\\\/#\\\/schema\\\/person\\\/d7adcc500b852dda472d16dbca9d4ae1\",\"name\":\"Proquimia\",\"url\":\"https:\\\/\\\/www.proquimia.com\\\/fr\\\/author\\\/proquimia\\\/\"}]}<\/script>\n<!-- \/ Yoast SEO plugin. -->","yoast_head_json":{"title":"R\u00e9compens\u00e9e par la Chambre de Commerce pour sa RSE","description":"Proquimia re\u00e7oit le Prix Responsabilit\u00e9 Sociale Proquimia pour son engagement en faveur de l\u2019innovation durable.","robots":{"index":"index","follow":"follow","max-snippet":"max-snippet:-1","max-image-preview":"max-image-preview:large","max-video-preview":"max-video-preview:-1"},"canonical":"https:\/\/www.proquimia.com\/fr\/proquimia-recoit-le-prix-a-la-responsabilite-sociale-des-entreprises-de-la-part-de-la-chambre-de-commerce\/","og_locale":"fr_FR","og_type":"article","og_title":"R\u00e9compens\u00e9e par la Chambre de Commerce pour sa RSE","og_description":"Proquimia re\u00e7oit le Prix Responsabilit\u00e9 Sociale Proquimia pour son engagement en faveur de l\u2019innovation durable.","og_url":"https:\/\/www.proquimia.com\/fr\/proquimia-recoit-le-prix-a-la-responsabilite-sociale-des-entreprises-de-la-part-de-la-chambre-de-commerce\/","og_site_name":"Proquimia","article_publisher":"https:\/\/www.facebook.com\/proquimia","article_published_time":"2014-11-13T10:00:27+00:00","article_modified_time":"2025-12-11T08:16:06+00:00","author":"Proquimia","twitter_card":"summary_large_image","twitter_creator":"@proquimia71","twitter_site":"@proquimia71","twitter_misc":{"\u00c9crit par":"Proquimia","Dur\u00e9e de lecture estim\u00e9e":"2 minutes"},"schema":{"@context":"https:\/\/schema.org","@graph":[{"@type":"Article","@id":"https:\/\/www.proquimia.com\/fr\/proquimia-recoit-le-prix-a-la-responsabilite-sociale-des-entreprises-de-la-part-de-la-chambre-de-commerce\/#article","isPartOf":{"@id":"https:\/\/www.proquimia.com\/fr\/proquimia-recoit-le-prix-a-la-responsabilite-sociale-des-entreprises-de-la-part-de-la-chambre-de-commerce\/"},"author":{"name":"Proquimia","@id":"https:\/\/www.proquimia.com\/fr\/#\/schema\/person\/d7adcc500b852dda472d16dbca9d4ae1"},"headline":"Proquimia re\u00e7oit le Prix \u00e0 la Responsabilit\u00e9 Sociale des Entreprises de la part de la Chambre de Commerce","datePublished":"2014-11-13T10:00:27+00:00","dateModified":"2025-12-11T08:16:06+00:00","mainEntityOfPage":{"@id":"https:\/\/www.proquimia.com\/fr\/proquimia-recoit-le-prix-a-la-responsabilite-sociale-des-entreprises-de-la-part-de-la-chambre-de-commerce\/"},"wordCount":256,"publisher":{"@id":"https:\/\/www.proquimia.com\/fr\/#organization"},"image":{"@id":"https:\/\/www.proquimia.com\/fr\/proquimia-recoit-le-prix-a-la-responsabilite-sociale-des-entreprises-de-la-part-de-la-chambre-de-commerce\/#primaryimage"},"thumbnailUrl":"https:\/\/www.proquimia.com\/wp-content\/uploads\/2014\/11\/IMG_3360-300x275.jpg","articleSection":["Proquimia"],"inLanguage":"fr-FR"},{"@type":"WebPage","@id":"https:\/\/www.proquimia.com\/fr\/proquimia-recoit-le-prix-a-la-responsabilite-sociale-des-entreprises-de-la-part-de-la-chambre-de-commerce\/","url":"https:\/\/www.proquimia.com\/fr\/proquimia-recoit-le-prix-a-la-responsabilite-sociale-des-entreprises-de-la-part-de-la-chambre-de-commerce\/","name":"R\u00e9compens\u00e9e par la Chambre de Commerce pour sa RSE","isPartOf":{"@id":"https:\/\/www.proquimia.com\/fr\/#website"},"primaryImageOfPage":{"@id":"https:\/\/www.proquimia.com\/fr\/proquimia-recoit-le-prix-a-la-responsabilite-sociale-des-entreprises-de-la-part-de-la-chambre-de-commerce\/#primaryimage"},"image":{"@id":"https:\/\/www.proquimia.com\/fr\/proquimia-recoit-le-prix-a-la-responsabilite-sociale-des-entreprises-de-la-part-de-la-chambre-de-commerce\/#primaryimage"},"thumbnailUrl":"https:\/\/www.proquimia.com\/wp-content\/uploads\/2014\/11\/IMG_3360-300x275.jpg","datePublished":"2014-11-13T10:00:27+00:00","dateModified":"2025-12-11T08:16:06+00:00","description":"Proquimia re\u00e7oit le Prix Responsabilit\u00e9 Sociale Proquimia pour son engagement en faveur de l\u2019innovation durable.","breadcrumb":{"@id":"https:\/\/www.proquimia.com\/fr\/proquimia-recoit-le-prix-a-la-responsabilite-sociale-des-entreprises-de-la-part-de-la-chambre-de-commerce\/#breadcrumb"},"inLanguage":"fr-FR","potentialAction":[{"@type":"ReadAction","target":["https:\/\/www.proquimia.com\/fr\/proquimia-recoit-le-prix-a-la-responsabilite-sociale-des-entreprises-de-la-part-de-la-chambre-de-commerce\/"]}]},{"@type":"ImageObject","inLanguage":"fr-FR","@id":"https:\/\/www.proquimia.com\/fr\/proquimia-recoit-le-prix-a-la-responsabilite-sociale-des-entreprises-de-la-part-de-la-chambre-de-commerce\/#primaryimage","url":"https:\/\/www.proquimia.com\/wp-content\/uploads\/2014\/11\/IMG_3360-300x275.jpg","contentUrl":"https:\/\/www.proquimia.com\/wp-content\/uploads\/2014\/11\/IMG_3360-300x275.jpg"},{"@type":"BreadcrumbList","@id":"https:\/\/www.proquimia.com\/fr\/proquimia-recoit-le-prix-a-la-responsabilite-sociale-des-entreprises-de-la-part-de-la-chambre-de-commerce\/#breadcrumb","itemListElement":[{"@type":"ListItem","position":1,"name":"Portada","item":"https:\/\/www.proquimia.com\/fr\/"},{"@type":"ListItem","position":2,"name":"Proquimia re\u00e7oit le Prix \u00e0 la Responsabilit\u00e9 Sociale des Entreprises de la part de la Chambre de Commerce"}]},{"@type":"WebSite","@id":"https:\/\/www.proquimia.com\/fr\/#website","url":"https:\/\/www.proquimia.com\/fr\/","name":"Proquimia","description":"Soluciones qu\u00edmicas y Productos de Limpieza Industrial","publisher":{"@id":"https:\/\/www.proquimia.com\/fr\/#organization"},"potentialAction":[{"@type":"SearchAction","target":{"@type":"EntryPoint","urlTemplate":"https:\/\/www.proquimia.com\/fr\/?s={search_term_string}"},"query-input":{"@type":"PropertyValueSpecification","valueRequired":true,"valueName":"search_term_string"}}],"inLanguage":"fr-FR"},{"@type":"Organization","@id":"https:\/\/www.proquimia.com\/fr\/#organization","name":"Proquimia","url":"https:\/\/www.proquimia.com\/fr\/","logo":{"@type":"ImageObject","inLanguage":"fr-FR","@id":"https:\/\/www.proquimia.com\/fr\/#\/schema\/logo\/image\/","url":"https:\/\/www.proquimia.com\/wp-content\/uploads\/proquimia-logo-yoast.png","contentUrl":"https:\/\/www.proquimia.com\/wp-content\/uploads\/proquimia-logo-yoast.png","width":696,"height":696,"caption":"Proquimia"},"image":{"@id":"https:\/\/www.proquimia.com\/fr\/#\/schema\/logo\/image\/"},"sameAs":["https:\/\/www.facebook.com\/proquimia","https:\/\/x.com\/proquimia71","https:\/\/www.instagram.com\/proquimia_co\/","http:\/\/www.linkedin.com\/company\/proquimia","http:\/\/www.youtube.com\/user\/proquimiavic"]},{"@type":"Person","@id":"https:\/\/www.proquimia.com\/fr\/#\/schema\/person\/d7adcc500b852dda472d16dbca9d4ae1","name":"Proquimia","url":"https:\/\/www.proquimia.com\/fr\/author\/proquimia\/"}]}},"authors":[{"term_id":622,"user_id":2,"is_guest":0,"slug":"proquimia","display_name":"Proquimia","avatar_url":"https:\/\/secure.gravatar.com\/avatar\/21d466d625cf87ba3e07ff535bc203272340b35849b3ded8cdc2dfbb7ab18009?s=96&d=mm&r=g","0":null,"1":"","2":"","3":"","4":"","5":"","6":"","7":""}],"_links":{"self":[{"href":"https:\/\/www.proquimia.com\/fr\/wp-json\/wp\/v2\/posts\/35136","targetHints":{"allow":["GET"]}}],"collection":[{"href":"https:\/\/www.proquimia.com\/fr\/wp-json\/wp\/v2\/posts"}],"about":[{"href":"https:\/\/www.proquimia.com\/fr\/wp-json\/wp\/v2\/types\/post"}],"author":[{"embeddable":true,"href":"https:\/\/www.proquimia.com\/fr\/wp-json\/wp\/v2\/users\/2"}],"replies":[{"embeddable":true,"href":"https:\/\/www.proquimia.com\/fr\/wp-json\/wp\/v2\/comments?post=35136"}],"version-history":[{"count":1,"href":"https:\/\/www.proquimia.com\/fr\/wp-json\/wp\/v2\/posts\/35136\/revisions"}],"predecessor-version":[{"id":39634,"href":"https:\/\/www.proquimia.com\/fr\/wp-json\/wp\/v2\/posts\/35136\/revisions\/39634"}],"wp:attachment":[{"href":"https:\/\/www.proquimia.com\/fr\/wp-json\/wp\/v2\/media?parent=35136"}],"wp:term":[{"taxonomy":"category","embeddable":true,"href":"https:\/\/www.proquimia.com\/fr\/wp-json\/wp\/v2\/categories?post=35136"},{"taxonomy":"post_tag","embeddable":true,"href":"https:\/\/www.proquimia.com\/fr\/wp-json\/wp\/v2\/tags?post=35136"},{"taxonomy":"sector","embeddable":true,"href":"https:\/\/www.proquimia.com\/fr\/wp-json\/wp\/v2\/sector?post=35136"},{"taxonomy":"country","embeddable":true,"href":"https:\/\/www.proquimia.com\/fr\/wp-json\/wp\/v2\/country?post=35136"},{"taxonomy":"author","embeddable":true,"href":"https:\/\/www.proquimia.com\/fr\/wp-json\/wp\/v2\/ppma_author?post=35136"}],"curies":[{"name":"wp","href":"https:\/\/api.w.org\/{rel}","templated":true}]}}