{"id":35127,"date":"2014-01-13T10:22:12","date_gmt":"2014-01-13T09:22:12","guid":{"rendered":"https:\/\/www.proquimia.com\/proquimia-adhere-au-pacte-mondial-des-nations-unies\/"},"modified":"2025-07-09T08:38:11","modified_gmt":"2025-07-09T06:38:11","slug":"proquimia-adhere-au-pacte-mondial-des-nations-unies","status":"publish","type":"post","link":"https:\/\/www.proquimia.com\/fr\/proquimia-adhere-au-pacte-mondial-des-nations-unies\/","title":{"rendered":"PROQUIMIA ADH\u00c8RE AU PACTE MONDIAL DES NATIONS UNIES"},"content":{"rendered":"<p>Proquimia soutient les dix principes du pacte mondial dans le domaine des droits de l\u2019homme, du travail, de l\u2019environnement et de la lutte contre la corruption. Par cons\u00e9quent et conform\u00e9ment \u00e0 nos valeurs et notre engagement envers la durabilit\u00e9 des entreprises, nous encourageons les initiatives en mati\u00e8re de responsabilit\u00e9 sociale des entreprises.<\/p>\n<p>Chez Proquimia, nous nous engageons donc \u00e0 appliquer le Pacte Mondial et ses principes dans notre strat\u00e9gie, notre culture d\u2019entreprise et dans nos actions quotidiennes. De plus, nous nous engageons aussi de nous impliquer dans des projets corporatifs qui contribuent aux objectifs plus vastes du d\u00e9veloppement des Nations Unies, tels que l\u2019Objectif du Mill\u00e9naire pour le d\u00e9veloppement.<\/p>\n","protected":false},"excerpt":{"rendered":"<p>Proquimia soutient les dix principes du pacte mondial dans le domaine des droits de l\u2019homme, du travail, de l\u2019environnement et de la lutte contre la corruption. Par cons\u00e9quent et conform\u00e9ment \u00e0 nos valeurs et notre engagement envers la durabilit\u00e9 des entreprises, nous encourageons les initiatives en mati\u00e8re de responsabilit\u00e9 sociale des entreprises. Chez Proquimia, nous [&hellip;]<\/p>\n","protected":false},"author":2,"featured_media":0,"comment_status":"closed","ping_status":"closed","sticky":false,"template":"","format":"standard","meta":{"_acf_changed":false,"inline_featured_image":false,"footnotes":""},"categories":[76],"tags":[],"sector":[508],"country":[297,301,305,309,313,317,321,325,265,269,273,277,281,285,289,293],"ppma_author":[],"class_list":["post-35127","post","type-post","status-publish","format-standard","hentry","category-proquimia","sector-cadeau","country-france-fr","country-mexico-fr","country-morocco-fr","country-panama-fr","country-portugal-fr","country-republica-dominicana-fr","country-tunisia-fr","country-venezuela-fr","country-algeria-fr","country-andorra-fr","country-brazil-fr","country-chile-fr","country-colombia-fr","country-costa-rica-fr","country-cuba-fr","country-espana-fr"],"acf":[],"yoast_head":"<!-- This site is optimized with the Yoast SEO plugin v27.5 - https:\/\/yoast.com\/product\/yoast-seo-wordpress\/ -->\n<title>PROQUIMIA ADH\u00c8RE AU PACTE MONDIAL DES NATIONS UNIES - Proquimia<\/title>\n<meta name=\"description\" content=\"Proquimia rejoint le Pacte Mondial Proquimia, soutenant les droits humains et la responsabilit\u00e9 environnementale.\" \/>\n<meta name=\"robots\" content=\"index, follow, max-snippet:-1, max-image-preview:large, max-video-preview:-1\" \/>\n<link rel=\"canonical\" href=\"https:\/\/www.proquimia.com\/fr\/proquimia-adhere-au-pacte-mondial-des-nations-unies\/\" \/>\n<meta property=\"og:locale\" content=\"fr_FR\" \/>\n<meta property=\"og:type\" content=\"article\" \/>\n<meta property=\"og:title\" content=\"PROQUIMIA ADH\u00c8RE AU PACTE MONDIAL DES NATIONS UNIES - Proquimia\" \/>\n<meta property=\"og:description\" content=\"Proquimia rejoint le Pacte Mondial Proquimia, soutenant les droits humains et la responsabilit\u00e9 environnementale.\" \/>\n<meta property=\"og:url\" content=\"https:\/\/www.proquimia.com\/fr\/proquimia-adhere-au-pacte-mondial-des-nations-unies\/\" \/>\n<meta property=\"og:site_name\" content=\"Proquimia\" \/>\n<meta property=\"article:publisher\" content=\"https:\/\/www.facebook.com\/proquimia\" \/>\n<meta property=\"article:published_time\" content=\"2014-01-13T09:22:12+00:00\" \/>\n<meta property=\"article:modified_time\" content=\"2025-07-09T06:38:11+00:00\" \/>\n<meta name=\"author\" content=\"Proquimia\" \/>\n<meta name=\"twitter:card\" content=\"summary_large_image\" \/>\n<meta name=\"twitter:creator\" content=\"@proquimia71\" \/>\n<meta name=\"twitter:site\" content=\"@proquimia71\" \/>\n<meta name=\"twitter:label1\" content=\"\u00c9crit par\" \/>\n\t<meta name=\"twitter:data1\" content=\"Proquimia\" \/>\n\t<meta name=\"twitter:label2\" content=\"Dur\u00e9e de lecture estim\u00e9e\" \/>\n\t<meta name=\"twitter:data2\" content=\"1 minute\" \/>\n<script type=\"application\/ld+json\" class=\"yoast-schema-graph\">{\"@context\":\"https:\\\/\\\/schema.org\",\"@graph\":[{\"@type\":\"Article\",\"@id\":\"https:\\\/\\\/www.proquimia.com\\\/fr\\\/proquimia-adhere-au-pacte-mondial-des-nations-unies\\\/#article\",\"isPartOf\":{\"@id\":\"https:\\\/\\\/www.proquimia.com\\\/fr\\\/proquimia-adhere-au-pacte-mondial-des-nations-unies\\\/\"},\"author\":{\"name\":\"Proquimia\",\"@id\":\"https:\\\/\\\/www.proquimia.com\\\/fr\\\/#\\\/schema\\\/person\\\/d7adcc500b852dda472d16dbca9d4ae1\"},\"headline\":\"PROQUIMIA ADH\u00c8RE AU PACTE MONDIAL DES NATIONS UNIES\",\"datePublished\":\"2014-01-13T09:22:12+00:00\",\"dateModified\":\"2025-07-09T06:38:11+00:00\",\"mainEntityOfPage\":{\"@id\":\"https:\\\/\\\/www.proquimia.com\\\/fr\\\/proquimia-adhere-au-pacte-mondial-des-nations-unies\\\/\"},\"wordCount\":127,\"publisher\":{\"@id\":\"https:\\\/\\\/www.proquimia.com\\\/fr\\\/#organization\"},\"articleSection\":[\"Proquimia\"],\"inLanguage\":\"fr-FR\"},{\"@type\":\"WebPage\",\"@id\":\"https:\\\/\\\/www.proquimia.com\\\/fr\\\/proquimia-adhere-au-pacte-mondial-des-nations-unies\\\/\",\"url\":\"https:\\\/\\\/www.proquimia.com\\\/fr\\\/proquimia-adhere-au-pacte-mondial-des-nations-unies\\\/\",\"name\":\"PROQUIMIA ADH\u00c8RE AU PACTE MONDIAL DES NATIONS UNIES - Proquimia\",\"isPartOf\":{\"@id\":\"https:\\\/\\\/www.proquimia.com\\\/fr\\\/#website\"},\"datePublished\":\"2014-01-13T09:22:12+00:00\",\"dateModified\":\"2025-07-09T06:38:11+00:00\",\"description\":\"Proquimia rejoint le Pacte Mondial Proquimia, soutenant les droits humains et la responsabilit\u00e9 environnementale.\",\"breadcrumb\":{\"@id\":\"https:\\\/\\\/www.proquimia.com\\\/fr\\\/proquimia-adhere-au-pacte-mondial-des-nations-unies\\\/#breadcrumb\"},\"inLanguage\":\"fr-FR\",\"potentialAction\":[{\"@type\":\"ReadAction\",\"target\":[\"https:\\\/\\\/www.proquimia.com\\\/fr\\\/proquimia-adhere-au-pacte-mondial-des-nations-unies\\\/\"]}]},{\"@type\":\"BreadcrumbList\",\"@id\":\"https:\\\/\\\/www.proquimia.com\\\/fr\\\/proquimia-adhere-au-pacte-mondial-des-nations-unies\\\/#breadcrumb\",\"itemListElement\":[{\"@type\":\"ListItem\",\"position\":1,\"name\":\"Portada\",\"item\":\"https:\\\/\\\/www.proquimia.com\\\/fr\\\/\"},{\"@type\":\"ListItem\",\"position\":2,\"name\":\"PROQUIMIA ADH\u00c8RE AU PACTE MONDIAL DES NATIONS UNIES\"}]},{\"@type\":\"WebSite\",\"@id\":\"https:\\\/\\\/www.proquimia.com\\\/fr\\\/#website\",\"url\":\"https:\\\/\\\/www.proquimia.com\\\/fr\\\/\",\"name\":\"Proquimia\",\"description\":\"Soluciones qu\u00edmicas y Productos de Limpieza Industrial\",\"publisher\":{\"@id\":\"https:\\\/\\\/www.proquimia.com\\\/fr\\\/#organization\"},\"potentialAction\":[{\"@type\":\"SearchAction\",\"target\":{\"@type\":\"EntryPoint\",\"urlTemplate\":\"https:\\\/\\\/www.proquimia.com\\\/fr\\\/?s={search_term_string}\"},\"query-input\":{\"@type\":\"PropertyValueSpecification\",\"valueRequired\":true,\"valueName\":\"search_term_string\"}}],\"inLanguage\":\"fr-FR\"},{\"@type\":\"Organization\",\"@id\":\"https:\\\/\\\/www.proquimia.com\\\/fr\\\/#organization\",\"name\":\"Proquimia\",\"url\":\"https:\\\/\\\/www.proquimia.com\\\/fr\\\/\",\"logo\":{\"@type\":\"ImageObject\",\"inLanguage\":\"fr-FR\",\"@id\":\"https:\\\/\\\/www.proquimia.com\\\/fr\\\/#\\\/schema\\\/logo\\\/image\\\/\",\"url\":\"https:\\\/\\\/www.proquimia.com\\\/wp-content\\\/uploads\\\/proquimia-logo-yoast.png\",\"contentUrl\":\"https:\\\/\\\/www.proquimia.com\\\/wp-content\\\/uploads\\\/proquimia-logo-yoast.png\",\"width\":696,\"height\":696,\"caption\":\"Proquimia\"},\"image\":{\"@id\":\"https:\\\/\\\/www.proquimia.com\\\/fr\\\/#\\\/schema\\\/logo\\\/image\\\/\"},\"sameAs\":[\"https:\\\/\\\/www.facebook.com\\\/proquimia\",\"https:\\\/\\\/x.com\\\/proquimia71\",\"https:\\\/\\\/www.instagram.com\\\/proquimia_co\\\/\",\"http:\\\/\\\/www.linkedin.com\\\/company\\\/proquimia\",\"http:\\\/\\\/www.youtube.com\\\/user\\\/proquimiavic\"]},{\"@type\":\"Person\",\"@id\":\"https:\\\/\\\/www.proquimia.com\\\/fr\\\/#\\\/schema\\\/person\\\/d7adcc500b852dda472d16dbca9d4ae1\",\"name\":\"Proquimia\",\"url\":\"https:\\\/\\\/www.proquimia.com\\\/fr\\\/author\\\/proquimia\\\/\"}]}<\/script>\n<!-- \/ Yoast SEO plugin. -->","yoast_head_json":{"title":"PROQUIMIA ADH\u00c8RE AU PACTE MONDIAL DES NATIONS UNIES - Proquimia","description":"Proquimia rejoint le Pacte Mondial Proquimia, soutenant les droits humains et la responsabilit\u00e9 environnementale.","robots":{"index":"index","follow":"follow","max-snippet":"max-snippet:-1","max-image-preview":"max-image-preview:large","max-video-preview":"max-video-preview:-1"},"canonical":"https:\/\/www.proquimia.com\/fr\/proquimia-adhere-au-pacte-mondial-des-nations-unies\/","og_locale":"fr_FR","og_type":"article","og_title":"PROQUIMIA ADH\u00c8RE AU PACTE MONDIAL DES NATIONS UNIES - Proquimia","og_description":"Proquimia rejoint le Pacte Mondial Proquimia, soutenant les droits humains et la responsabilit\u00e9 environnementale.","og_url":"https:\/\/www.proquimia.com\/fr\/proquimia-adhere-au-pacte-mondial-des-nations-unies\/","og_site_name":"Proquimia","article_publisher":"https:\/\/www.facebook.com\/proquimia","article_published_time":"2014-01-13T09:22:12+00:00","article_modified_time":"2025-07-09T06:38:11+00:00","author":"Proquimia","twitter_card":"summary_large_image","twitter_creator":"@proquimia71","twitter_site":"@proquimia71","twitter_misc":{"\u00c9crit par":"Proquimia","Dur\u00e9e de lecture estim\u00e9e":"1 minute"},"schema":{"@context":"https:\/\/schema.org","@graph":[{"@type":"Article","@id":"https:\/\/www.proquimia.com\/fr\/proquimia-adhere-au-pacte-mondial-des-nations-unies\/#article","isPartOf":{"@id":"https:\/\/www.proquimia.com\/fr\/proquimia-adhere-au-pacte-mondial-des-nations-unies\/"},"author":{"name":"Proquimia","@id":"https:\/\/www.proquimia.com\/fr\/#\/schema\/person\/d7adcc500b852dda472d16dbca9d4ae1"},"headline":"PROQUIMIA ADH\u00c8RE AU PACTE MONDIAL DES NATIONS UNIES","datePublished":"2014-01-13T09:22:12+00:00","dateModified":"2025-07-09T06:38:11+00:00","mainEntityOfPage":{"@id":"https:\/\/www.proquimia.com\/fr\/proquimia-adhere-au-pacte-mondial-des-nations-unies\/"},"wordCount":127,"publisher":{"@id":"https:\/\/www.proquimia.com\/fr\/#organization"},"articleSection":["Proquimia"],"inLanguage":"fr-FR"},{"@type":"WebPage","@id":"https:\/\/www.proquimia.com\/fr\/proquimia-adhere-au-pacte-mondial-des-nations-unies\/","url":"https:\/\/www.proquimia.com\/fr\/proquimia-adhere-au-pacte-mondial-des-nations-unies\/","name":"PROQUIMIA ADH\u00c8RE AU PACTE MONDIAL DES NATIONS UNIES - Proquimia","isPartOf":{"@id":"https:\/\/www.proquimia.com\/fr\/#website"},"datePublished":"2014-01-13T09:22:12+00:00","dateModified":"2025-07-09T06:38:11+00:00","description":"Proquimia rejoint le Pacte Mondial Proquimia, soutenant les droits humains et la responsabilit\u00e9 environnementale.","breadcrumb":{"@id":"https:\/\/www.proquimia.com\/fr\/proquimia-adhere-au-pacte-mondial-des-nations-unies\/#breadcrumb"},"inLanguage":"fr-FR","potentialAction":[{"@type":"ReadAction","target":["https:\/\/www.proquimia.com\/fr\/proquimia-adhere-au-pacte-mondial-des-nations-unies\/"]}]},{"@type":"BreadcrumbList","@id":"https:\/\/www.proquimia.com\/fr\/proquimia-adhere-au-pacte-mondial-des-nations-unies\/#breadcrumb","itemListElement":[{"@type":"ListItem","position":1,"name":"Portada","item":"https:\/\/www.proquimia.com\/fr\/"},{"@type":"ListItem","position":2,"name":"PROQUIMIA ADH\u00c8RE AU PACTE MONDIAL DES NATIONS UNIES"}]},{"@type":"WebSite","@id":"https:\/\/www.proquimia.com\/fr\/#website","url":"https:\/\/www.proquimia.com\/fr\/","name":"Proquimia","description":"Soluciones qu\u00edmicas y Productos de Limpieza Industrial","publisher":{"@id":"https:\/\/www.proquimia.com\/fr\/#organization"},"potentialAction":[{"@type":"SearchAction","target":{"@type":"EntryPoint","urlTemplate":"https:\/\/www.proquimia.com\/fr\/?s={search_term_string}"},"query-input":{"@type":"PropertyValueSpecification","valueRequired":true,"valueName":"search_term_string"}}],"inLanguage":"fr-FR"},{"@type":"Organization","@id":"https:\/\/www.proquimia.com\/fr\/#organization","name":"Proquimia","url":"https:\/\/www.proquimia.com\/fr\/","logo":{"@type":"ImageObject","inLanguage":"fr-FR","@id":"https:\/\/www.proquimia.com\/fr\/#\/schema\/logo\/image\/","url":"https:\/\/www.proquimia.com\/wp-content\/uploads\/proquimia-logo-yoast.png","contentUrl":"https:\/\/www.proquimia.com\/wp-content\/uploads\/proquimia-logo-yoast.png","width":696,"height":696,"caption":"Proquimia"},"image":{"@id":"https:\/\/www.proquimia.com\/fr\/#\/schema\/logo\/image\/"},"sameAs":["https:\/\/www.facebook.com\/proquimia","https:\/\/x.com\/proquimia71","https:\/\/www.instagram.com\/proquimia_co\/","http:\/\/www.linkedin.com\/company\/proquimia","http:\/\/www.youtube.com\/user\/proquimiavic"]},{"@type":"Person","@id":"https:\/\/www.proquimia.com\/fr\/#\/schema\/person\/d7adcc500b852dda472d16dbca9d4ae1","name":"Proquimia","url":"https:\/\/www.proquimia.com\/fr\/author\/proquimia\/"}]}},"authors":[{"term_id":622,"user_id":2,"is_guest":0,"slug":"proquimia","display_name":"Proquimia","avatar_url":"https:\/\/secure.gravatar.com\/avatar\/21d466d625cf87ba3e07ff535bc203272340b35849b3ded8cdc2dfbb7ab18009?s=96&d=mm&r=g","0":null,"1":"","2":"","3":"","4":"","5":"","6":"","7":""}],"_links":{"self":[{"href":"https:\/\/www.proquimia.com\/fr\/wp-json\/wp\/v2\/posts\/35127","targetHints":{"allow":["GET"]}}],"collection":[{"href":"https:\/\/www.proquimia.com\/fr\/wp-json\/wp\/v2\/posts"}],"about":[{"href":"https:\/\/www.proquimia.com\/fr\/wp-json\/wp\/v2\/types\/post"}],"author":[{"embeddable":true,"href":"https:\/\/www.proquimia.com\/fr\/wp-json\/wp\/v2\/users\/2"}],"replies":[{"embeddable":true,"href":"https:\/\/www.proquimia.com\/fr\/wp-json\/wp\/v2\/comments?post=35127"}],"version-history":[{"count":1,"href":"https:\/\/www.proquimia.com\/fr\/wp-json\/wp\/v2\/posts\/35127\/revisions"}],"predecessor-version":[{"id":51708,"href":"https:\/\/www.proquimia.com\/fr\/wp-json\/wp\/v2\/posts\/35127\/revisions\/51708"}],"wp:attachment":[{"href":"https:\/\/www.proquimia.com\/fr\/wp-json\/wp\/v2\/media?parent=35127"}],"wp:term":[{"taxonomy":"category","embeddable":true,"href":"https:\/\/www.proquimia.com\/fr\/wp-json\/wp\/v2\/categories?post=35127"},{"taxonomy":"post_tag","embeddable":true,"href":"https:\/\/www.proquimia.com\/fr\/wp-json\/wp\/v2\/tags?post=35127"},{"taxonomy":"sector","embeddable":true,"href":"https:\/\/www.proquimia.com\/fr\/wp-json\/wp\/v2\/sector?post=35127"},{"taxonomy":"country","embeddable":true,"href":"https:\/\/www.proquimia.com\/fr\/wp-json\/wp\/v2\/country?post=35127"},{"taxonomy":"author","embeddable":true,"href":"https:\/\/www.proquimia.com\/fr\/wp-json\/wp\/v2\/ppma_author?post=35127"}],"curies":[{"name":"wp","href":"https:\/\/api.w.org\/{rel}","templated":true}]}}