{"id":35121,"date":"2013-10-10T08:55:11","date_gmt":"2013-10-10T06:55:11","guid":{"rendered":"https:\/\/www.proquimia.com\/v-rencontre-international-de-blanchisserie-du-nettoyage-a-sec-et-de-lassainissement-cubalav-2013\/"},"modified":"2025-12-11T09:39:50","modified_gmt":"2025-12-11T08:39:50","slug":"v-rencontre-international-de-blanchisserie-du-nettoyage-a-sec-et-de-lassainissement-cubalav-2013","status":"publish","type":"post","link":"https:\/\/www.proquimia.com\/fr\/v-rencontre-international-de-blanchisserie-du-nettoyage-a-sec-et-de-lassainissement-cubalav-2013\/","title":{"rendered":"V Rencontre International de Blanchisserie, du Nettoyage \u00e0 sec et de l\u2019Assainissement CUBALAV 2013"},"content":{"rendered":"<p><a href=\"https:\/\/www.proquimia.com\/wp-content\/uploads\/2013\/10\/foto.jpg\"><img loading=\"lazy\" decoding=\"async\" class=\"alignright size-medium wp-image-4936\" title=\"foto\" src=\"https:\/\/www.proquimia.com\/wp-content\/uploads\/2013\/10\/foto-300x126.jpg\" alt=\"\" width=\"300\" height=\"126\" \/><\/a>La<strong> V Rencontre International de Blanchisserie, du Nettoyage \u00e0 sec et de l\u2019Assainissement CUBALAV 2013<\/strong> a eu lieu du 19 au 21 septembre au centre de des congr\u00e8s Plaza Am\u00e9rica \u00e0 Varadero avec pour objectif d\u2019encourager la formation et l\u2019\u00e9change de connaissances dans ce secteur ainsi que de stimuler et promouvoir l\u2019innovation de nouvelles technologies pour un meilleur d\u00e9veloppement de l&rsquo;activit\u00e9.<\/p>\n<p>Le programme scientifique de CUBALAV 2013 comprenait des conf\u00e9rences et d\u00e9bats th\u00e9matiques avec la participation de diff\u00e9rents sp\u00e9cialistes du secteur. Parall\u00e8lement aux activit\u00e9s pr\u00e9vues, une Foire a \u00e9t\u00e9 organis\u00e9e avec des exposants de produits et services associ\u00e9s \u00e0 l\u2019hygi\u00e8ne.<\/p>\n<p>Suchel Proquimia, SA a particip\u00e9 \u00e0 cet \u00e9v\u00e9nement en tant que promoteur, exposant et intervenant au niveau des\u00a0 conf\u00e9rences suivantes :<\/p>\n<ul>\n<li>Solutions technologiques durables apport\u00e9es par Proquimia, expos\u00e9 de Monsieur Carles Ony\u00f3s de Plandolit, PDG de Proquimia.<\/li>\n<li>Influence et calcul des \u00e9missions de CO<sub>2<\/sub> des blanchisseries en fonction de leur processus technologique, pr\u00e9sent\u00e9 par Jordi Bartrina Sim\u00f3, directeur adjoint de Suchel Proquimia, SA.<\/li>\n<\/ul>\n<p>L\u2019entreprise a remport\u00e9 les prix suivants:<\/p>\n<ul>\n<li>Meilleure conception du stand.<\/li>\n<li>Reconnaissance de l\u2019entreprise Suchel Proquimia comme exposant.<\/li>\n<li>Reconnaissance et certificat \u00e0 M.Carles Ony\u00f3s de Plandolit et Jordi Bartrina Sim\u00f3 pour l\u2019appui technique et la participation \u00e0 cet \u00e9v\u00e9nement.<\/li>\n<\/ul>\n","protected":false},"excerpt":{"rendered":"<p>La V Rencontre International de Blanchisserie, du Nettoyage \u00e0 sec et de l\u2019Assainissement CUBALAV 2013 a eu lieu du 19 au 21 septembre au centre de des congr\u00e8s Plaza Am\u00e9rica \u00e0 Varadero avec pour objectif d\u2019encourager la formation et l\u2019\u00e9change de connaissances dans ce secteur ainsi que de stimuler et promouvoir l\u2019innovation de nouvelles technologies [&hellip;]<\/p>\n","protected":false},"author":2,"featured_media":0,"comment_status":"closed","ping_status":"closed","sticky":false,"template":"","format":"standard","meta":{"_acf_changed":false,"inline_featured_image":false,"footnotes":""},"categories":[76],"tags":[],"sector":[508],"country":[297,301,305,309,313,317,321,325,265,269,273,277,281,285,293],"ppma_author":[622],"class_list":["post-35121","post","type-post","status-publish","format-standard","hentry","category-proquimia","sector-cadeau","country-france-fr","country-mexico-fr","country-morocco-fr","country-panama-fr","country-portugal-fr","country-republica-dominicana-fr","country-tunisia-fr","country-venezuela-fr","country-algeria-fr","country-andorra-fr","country-brazil-fr","country-chile-fr","country-colombia-fr","country-costa-rica-fr","country-espana-fr"],"acf":[],"yoast_head":"<!-- This site is optimized with the Yoast SEO plugin v27.5 - https:\/\/yoast.com\/product\/yoast-seo-wordpress\/ -->\n<title>5e Rencontre internationale CUBALAV 2013<\/title>\n<meta name=\"description\" content=\"Proquimia s\u2019est distingu\u00e9e \u00e0 CUBALAV 2013 avec des solutions durables et des conf\u00e9rences sur les \u00e9missions de CO\u2082 en blanchisseries.\" \/>\n<meta name=\"robots\" content=\"index, follow, max-snippet:-1, max-image-preview:large, max-video-preview:-1\" \/>\n<link rel=\"canonical\" href=\"https:\/\/www.proquimia.com\/fr\/v-rencontre-international-de-blanchisserie-du-nettoyage-a-sec-et-de-lassainissement-cubalav-2013\/\" \/>\n<meta property=\"og:locale\" content=\"fr_FR\" \/>\n<meta property=\"og:type\" content=\"article\" \/>\n<meta property=\"og:title\" content=\"5e Rencontre internationale CUBALAV 2013\" \/>\n<meta property=\"og:description\" content=\"Proquimia s\u2019est distingu\u00e9e \u00e0 CUBALAV 2013 avec des solutions durables et des conf\u00e9rences sur les \u00e9missions de CO\u2082 en blanchisseries.\" \/>\n<meta property=\"og:url\" content=\"https:\/\/www.proquimia.com\/fr\/v-rencontre-international-de-blanchisserie-du-nettoyage-a-sec-et-de-lassainissement-cubalav-2013\/\" \/>\n<meta property=\"og:site_name\" content=\"Proquimia\" \/>\n<meta property=\"article:publisher\" content=\"https:\/\/www.facebook.com\/proquimia\" \/>\n<meta property=\"article:published_time\" content=\"2013-10-10T06:55:11+00:00\" \/>\n<meta property=\"article:modified_time\" content=\"2025-12-11T08:39:50+00:00\" \/>\n<meta name=\"author\" content=\"Proquimia\" \/>\n<meta name=\"twitter:card\" content=\"summary_large_image\" \/>\n<meta name=\"twitter:creator\" content=\"@proquimia71\" \/>\n<meta name=\"twitter:site\" content=\"@proquimia71\" \/>\n<meta name=\"twitter:label1\" content=\"\u00c9crit par\" \/>\n\t<meta name=\"twitter:data1\" content=\"Proquimia\" \/>\n\t<meta name=\"twitter:label2\" content=\"Dur\u00e9e de lecture estim\u00e9e\" \/>\n\t<meta name=\"twitter:data2\" content=\"2 minutes\" \/>\n<script type=\"application\/ld+json\" class=\"yoast-schema-graph\">{\"@context\":\"https:\\\/\\\/schema.org\",\"@graph\":[{\"@type\":\"Article\",\"@id\":\"https:\\\/\\\/www.proquimia.com\\\/fr\\\/v-rencontre-international-de-blanchisserie-du-nettoyage-a-sec-et-de-lassainissement-cubalav-2013\\\/#article\",\"isPartOf\":{\"@id\":\"https:\\\/\\\/www.proquimia.com\\\/fr\\\/v-rencontre-international-de-blanchisserie-du-nettoyage-a-sec-et-de-lassainissement-cubalav-2013\\\/\"},\"author\":{\"name\":\"Proquimia\",\"@id\":\"https:\\\/\\\/www.proquimia.com\\\/fr\\\/#\\\/schema\\\/person\\\/d7adcc500b852dda472d16dbca9d4ae1\"},\"headline\":\"V Rencontre International de Blanchisserie, du Nettoyage \u00e0 sec et de l\u2019Assainissement CUBALAV 2013\",\"datePublished\":\"2013-10-10T06:55:11+00:00\",\"dateModified\":\"2025-12-11T08:39:50+00:00\",\"mainEntityOfPage\":{\"@id\":\"https:\\\/\\\/www.proquimia.com\\\/fr\\\/v-rencontre-international-de-blanchisserie-du-nettoyage-a-sec-et-de-lassainissement-cubalav-2013\\\/\"},\"wordCount\":234,\"publisher\":{\"@id\":\"https:\\\/\\\/www.proquimia.com\\\/fr\\\/#organization\"},\"image\":{\"@id\":\"https:\\\/\\\/www.proquimia.com\\\/fr\\\/v-rencontre-international-de-blanchisserie-du-nettoyage-a-sec-et-de-lassainissement-cubalav-2013\\\/#primaryimage\"},\"thumbnailUrl\":\"https:\\\/\\\/www.proquimia.com\\\/wp-content\\\/uploads\\\/2013\\\/10\\\/foto-300x126.jpg\",\"articleSection\":[\"Proquimia\"],\"inLanguage\":\"fr-FR\"},{\"@type\":\"WebPage\",\"@id\":\"https:\\\/\\\/www.proquimia.com\\\/fr\\\/v-rencontre-international-de-blanchisserie-du-nettoyage-a-sec-et-de-lassainissement-cubalav-2013\\\/\",\"url\":\"https:\\\/\\\/www.proquimia.com\\\/fr\\\/v-rencontre-international-de-blanchisserie-du-nettoyage-a-sec-et-de-lassainissement-cubalav-2013\\\/\",\"name\":\"5e Rencontre internationale CUBALAV 2013\",\"isPartOf\":{\"@id\":\"https:\\\/\\\/www.proquimia.com\\\/fr\\\/#website\"},\"primaryImageOfPage\":{\"@id\":\"https:\\\/\\\/www.proquimia.com\\\/fr\\\/v-rencontre-international-de-blanchisserie-du-nettoyage-a-sec-et-de-lassainissement-cubalav-2013\\\/#primaryimage\"},\"image\":{\"@id\":\"https:\\\/\\\/www.proquimia.com\\\/fr\\\/v-rencontre-international-de-blanchisserie-du-nettoyage-a-sec-et-de-lassainissement-cubalav-2013\\\/#primaryimage\"},\"thumbnailUrl\":\"https:\\\/\\\/www.proquimia.com\\\/wp-content\\\/uploads\\\/2013\\\/10\\\/foto-300x126.jpg\",\"datePublished\":\"2013-10-10T06:55:11+00:00\",\"dateModified\":\"2025-12-11T08:39:50+00:00\",\"description\":\"Proquimia s\u2019est distingu\u00e9e \u00e0 CUBALAV 2013 avec des solutions durables et des conf\u00e9rences sur les \u00e9missions de CO\u2082 en blanchisseries.\",\"breadcrumb\":{\"@id\":\"https:\\\/\\\/www.proquimia.com\\\/fr\\\/v-rencontre-international-de-blanchisserie-du-nettoyage-a-sec-et-de-lassainissement-cubalav-2013\\\/#breadcrumb\"},\"inLanguage\":\"fr-FR\",\"potentialAction\":[{\"@type\":\"ReadAction\",\"target\":[\"https:\\\/\\\/www.proquimia.com\\\/fr\\\/v-rencontre-international-de-blanchisserie-du-nettoyage-a-sec-et-de-lassainissement-cubalav-2013\\\/\"]}]},{\"@type\":\"ImageObject\",\"inLanguage\":\"fr-FR\",\"@id\":\"https:\\\/\\\/www.proquimia.com\\\/fr\\\/v-rencontre-international-de-blanchisserie-du-nettoyage-a-sec-et-de-lassainissement-cubalav-2013\\\/#primaryimage\",\"url\":\"https:\\\/\\\/www.proquimia.com\\\/wp-content\\\/uploads\\\/2013\\\/10\\\/foto-300x126.jpg\",\"contentUrl\":\"https:\\\/\\\/www.proquimia.com\\\/wp-content\\\/uploads\\\/2013\\\/10\\\/foto-300x126.jpg\"},{\"@type\":\"BreadcrumbList\",\"@id\":\"https:\\\/\\\/www.proquimia.com\\\/fr\\\/v-rencontre-international-de-blanchisserie-du-nettoyage-a-sec-et-de-lassainissement-cubalav-2013\\\/#breadcrumb\",\"itemListElement\":[{\"@type\":\"ListItem\",\"position\":1,\"name\":\"Portada\",\"item\":\"https:\\\/\\\/www.proquimia.com\\\/fr\\\/\"},{\"@type\":\"ListItem\",\"position\":2,\"name\":\"V Rencontre International de Blanchisserie, du Nettoyage \u00e0 sec et de l\u2019Assainissement CUBALAV 2013\"}]},{\"@type\":\"WebSite\",\"@id\":\"https:\\\/\\\/www.proquimia.com\\\/fr\\\/#website\",\"url\":\"https:\\\/\\\/www.proquimia.com\\\/fr\\\/\",\"name\":\"Proquimia\",\"description\":\"Soluciones qu\u00edmicas y Productos de Limpieza Industrial\",\"publisher\":{\"@id\":\"https:\\\/\\\/www.proquimia.com\\\/fr\\\/#organization\"},\"potentialAction\":[{\"@type\":\"SearchAction\",\"target\":{\"@type\":\"EntryPoint\",\"urlTemplate\":\"https:\\\/\\\/www.proquimia.com\\\/fr\\\/?s={search_term_string}\"},\"query-input\":{\"@type\":\"PropertyValueSpecification\",\"valueRequired\":true,\"valueName\":\"search_term_string\"}}],\"inLanguage\":\"fr-FR\"},{\"@type\":\"Organization\",\"@id\":\"https:\\\/\\\/www.proquimia.com\\\/fr\\\/#organization\",\"name\":\"Proquimia\",\"url\":\"https:\\\/\\\/www.proquimia.com\\\/fr\\\/\",\"logo\":{\"@type\":\"ImageObject\",\"inLanguage\":\"fr-FR\",\"@id\":\"https:\\\/\\\/www.proquimia.com\\\/fr\\\/#\\\/schema\\\/logo\\\/image\\\/\",\"url\":\"https:\\\/\\\/www.proquimia.com\\\/wp-content\\\/uploads\\\/proquimia-logo-yoast.png\",\"contentUrl\":\"https:\\\/\\\/www.proquimia.com\\\/wp-content\\\/uploads\\\/proquimia-logo-yoast.png\",\"width\":696,\"height\":696,\"caption\":\"Proquimia\"},\"image\":{\"@id\":\"https:\\\/\\\/www.proquimia.com\\\/fr\\\/#\\\/schema\\\/logo\\\/image\\\/\"},\"sameAs\":[\"https:\\\/\\\/www.facebook.com\\\/proquimia\",\"https:\\\/\\\/x.com\\\/proquimia71\",\"https:\\\/\\\/www.instagram.com\\\/proquimia_co\\\/\",\"http:\\\/\\\/www.linkedin.com\\\/company\\\/proquimia\",\"http:\\\/\\\/www.youtube.com\\\/user\\\/proquimiavic\"]},{\"@type\":\"Person\",\"@id\":\"https:\\\/\\\/www.proquimia.com\\\/fr\\\/#\\\/schema\\\/person\\\/d7adcc500b852dda472d16dbca9d4ae1\",\"name\":\"Proquimia\",\"url\":\"https:\\\/\\\/www.proquimia.com\\\/fr\\\/author\\\/proquimia\\\/\"}]}<\/script>\n<!-- \/ Yoast SEO plugin. -->","yoast_head_json":{"title":"5e Rencontre internationale CUBALAV 2013","description":"Proquimia s\u2019est distingu\u00e9e \u00e0 CUBALAV 2013 avec des solutions durables et des conf\u00e9rences sur les \u00e9missions de CO\u2082 en blanchisseries.","robots":{"index":"index","follow":"follow","max-snippet":"max-snippet:-1","max-image-preview":"max-image-preview:large","max-video-preview":"max-video-preview:-1"},"canonical":"https:\/\/www.proquimia.com\/fr\/v-rencontre-international-de-blanchisserie-du-nettoyage-a-sec-et-de-lassainissement-cubalav-2013\/","og_locale":"fr_FR","og_type":"article","og_title":"5e Rencontre internationale CUBALAV 2013","og_description":"Proquimia s\u2019est distingu\u00e9e \u00e0 CUBALAV 2013 avec des solutions durables et des conf\u00e9rences sur les \u00e9missions de CO\u2082 en blanchisseries.","og_url":"https:\/\/www.proquimia.com\/fr\/v-rencontre-international-de-blanchisserie-du-nettoyage-a-sec-et-de-lassainissement-cubalav-2013\/","og_site_name":"Proquimia","article_publisher":"https:\/\/www.facebook.com\/proquimia","article_published_time":"2013-10-10T06:55:11+00:00","article_modified_time":"2025-12-11T08:39:50+00:00","author":"Proquimia","twitter_card":"summary_large_image","twitter_creator":"@proquimia71","twitter_site":"@proquimia71","twitter_misc":{"\u00c9crit par":"Proquimia","Dur\u00e9e de lecture estim\u00e9e":"2 minutes"},"schema":{"@context":"https:\/\/schema.org","@graph":[{"@type":"Article","@id":"https:\/\/www.proquimia.com\/fr\/v-rencontre-international-de-blanchisserie-du-nettoyage-a-sec-et-de-lassainissement-cubalav-2013\/#article","isPartOf":{"@id":"https:\/\/www.proquimia.com\/fr\/v-rencontre-international-de-blanchisserie-du-nettoyage-a-sec-et-de-lassainissement-cubalav-2013\/"},"author":{"name":"Proquimia","@id":"https:\/\/www.proquimia.com\/fr\/#\/schema\/person\/d7adcc500b852dda472d16dbca9d4ae1"},"headline":"V Rencontre International de Blanchisserie, du Nettoyage \u00e0 sec et de l\u2019Assainissement CUBALAV 2013","datePublished":"2013-10-10T06:55:11+00:00","dateModified":"2025-12-11T08:39:50+00:00","mainEntityOfPage":{"@id":"https:\/\/www.proquimia.com\/fr\/v-rencontre-international-de-blanchisserie-du-nettoyage-a-sec-et-de-lassainissement-cubalav-2013\/"},"wordCount":234,"publisher":{"@id":"https:\/\/www.proquimia.com\/fr\/#organization"},"image":{"@id":"https:\/\/www.proquimia.com\/fr\/v-rencontre-international-de-blanchisserie-du-nettoyage-a-sec-et-de-lassainissement-cubalav-2013\/#primaryimage"},"thumbnailUrl":"https:\/\/www.proquimia.com\/wp-content\/uploads\/2013\/10\/foto-300x126.jpg","articleSection":["Proquimia"],"inLanguage":"fr-FR"},{"@type":"WebPage","@id":"https:\/\/www.proquimia.com\/fr\/v-rencontre-international-de-blanchisserie-du-nettoyage-a-sec-et-de-lassainissement-cubalav-2013\/","url":"https:\/\/www.proquimia.com\/fr\/v-rencontre-international-de-blanchisserie-du-nettoyage-a-sec-et-de-lassainissement-cubalav-2013\/","name":"5e Rencontre internationale CUBALAV 2013","isPartOf":{"@id":"https:\/\/www.proquimia.com\/fr\/#website"},"primaryImageOfPage":{"@id":"https:\/\/www.proquimia.com\/fr\/v-rencontre-international-de-blanchisserie-du-nettoyage-a-sec-et-de-lassainissement-cubalav-2013\/#primaryimage"},"image":{"@id":"https:\/\/www.proquimia.com\/fr\/v-rencontre-international-de-blanchisserie-du-nettoyage-a-sec-et-de-lassainissement-cubalav-2013\/#primaryimage"},"thumbnailUrl":"https:\/\/www.proquimia.com\/wp-content\/uploads\/2013\/10\/foto-300x126.jpg","datePublished":"2013-10-10T06:55:11+00:00","dateModified":"2025-12-11T08:39:50+00:00","description":"Proquimia s\u2019est distingu\u00e9e \u00e0 CUBALAV 2013 avec des solutions durables et des conf\u00e9rences sur les \u00e9missions de CO\u2082 en blanchisseries.","breadcrumb":{"@id":"https:\/\/www.proquimia.com\/fr\/v-rencontre-international-de-blanchisserie-du-nettoyage-a-sec-et-de-lassainissement-cubalav-2013\/#breadcrumb"},"inLanguage":"fr-FR","potentialAction":[{"@type":"ReadAction","target":["https:\/\/www.proquimia.com\/fr\/v-rencontre-international-de-blanchisserie-du-nettoyage-a-sec-et-de-lassainissement-cubalav-2013\/"]}]},{"@type":"ImageObject","inLanguage":"fr-FR","@id":"https:\/\/www.proquimia.com\/fr\/v-rencontre-international-de-blanchisserie-du-nettoyage-a-sec-et-de-lassainissement-cubalav-2013\/#primaryimage","url":"https:\/\/www.proquimia.com\/wp-content\/uploads\/2013\/10\/foto-300x126.jpg","contentUrl":"https:\/\/www.proquimia.com\/wp-content\/uploads\/2013\/10\/foto-300x126.jpg"},{"@type":"BreadcrumbList","@id":"https:\/\/www.proquimia.com\/fr\/v-rencontre-international-de-blanchisserie-du-nettoyage-a-sec-et-de-lassainissement-cubalav-2013\/#breadcrumb","itemListElement":[{"@type":"ListItem","position":1,"name":"Portada","item":"https:\/\/www.proquimia.com\/fr\/"},{"@type":"ListItem","position":2,"name":"V Rencontre International de Blanchisserie, du Nettoyage \u00e0 sec et de l\u2019Assainissement CUBALAV 2013"}]},{"@type":"WebSite","@id":"https:\/\/www.proquimia.com\/fr\/#website","url":"https:\/\/www.proquimia.com\/fr\/","name":"Proquimia","description":"Soluciones qu\u00edmicas y Productos de Limpieza Industrial","publisher":{"@id":"https:\/\/www.proquimia.com\/fr\/#organization"},"potentialAction":[{"@type":"SearchAction","target":{"@type":"EntryPoint","urlTemplate":"https:\/\/www.proquimia.com\/fr\/?s={search_term_string}"},"query-input":{"@type":"PropertyValueSpecification","valueRequired":true,"valueName":"search_term_string"}}],"inLanguage":"fr-FR"},{"@type":"Organization","@id":"https:\/\/www.proquimia.com\/fr\/#organization","name":"Proquimia","url":"https:\/\/www.proquimia.com\/fr\/","logo":{"@type":"ImageObject","inLanguage":"fr-FR","@id":"https:\/\/www.proquimia.com\/fr\/#\/schema\/logo\/image\/","url":"https:\/\/www.proquimia.com\/wp-content\/uploads\/proquimia-logo-yoast.png","contentUrl":"https:\/\/www.proquimia.com\/wp-content\/uploads\/proquimia-logo-yoast.png","width":696,"height":696,"caption":"Proquimia"},"image":{"@id":"https:\/\/www.proquimia.com\/fr\/#\/schema\/logo\/image\/"},"sameAs":["https:\/\/www.facebook.com\/proquimia","https:\/\/x.com\/proquimia71","https:\/\/www.instagram.com\/proquimia_co\/","http:\/\/www.linkedin.com\/company\/proquimia","http:\/\/www.youtube.com\/user\/proquimiavic"]},{"@type":"Person","@id":"https:\/\/www.proquimia.com\/fr\/#\/schema\/person\/d7adcc500b852dda472d16dbca9d4ae1","name":"Proquimia","url":"https:\/\/www.proquimia.com\/fr\/author\/proquimia\/"}]}},"authors":[{"term_id":622,"user_id":2,"is_guest":0,"slug":"proquimia","display_name":"Proquimia","avatar_url":"https:\/\/secure.gravatar.com\/avatar\/21d466d625cf87ba3e07ff535bc203272340b35849b3ded8cdc2dfbb7ab18009?s=96&d=mm&r=g","0":null,"1":"","2":"","3":"","4":"","5":"","6":"","7":""}],"_links":{"self":[{"href":"https:\/\/www.proquimia.com\/fr\/wp-json\/wp\/v2\/posts\/35121","targetHints":{"allow":["GET"]}}],"collection":[{"href":"https:\/\/www.proquimia.com\/fr\/wp-json\/wp\/v2\/posts"}],"about":[{"href":"https:\/\/www.proquimia.com\/fr\/wp-json\/wp\/v2\/types\/post"}],"author":[{"embeddable":true,"href":"https:\/\/www.proquimia.com\/fr\/wp-json\/wp\/v2\/users\/2"}],"replies":[{"embeddable":true,"href":"https:\/\/www.proquimia.com\/fr\/wp-json\/wp\/v2\/comments?post=35121"}],"version-history":[{"count":1,"href":"https:\/\/www.proquimia.com\/fr\/wp-json\/wp\/v2\/posts\/35121\/revisions"}],"predecessor-version":[{"id":39647,"href":"https:\/\/www.proquimia.com\/fr\/wp-json\/wp\/v2\/posts\/35121\/revisions\/39647"}],"wp:attachment":[{"href":"https:\/\/www.proquimia.com\/fr\/wp-json\/wp\/v2\/media?parent=35121"}],"wp:term":[{"taxonomy":"category","embeddable":true,"href":"https:\/\/www.proquimia.com\/fr\/wp-json\/wp\/v2\/categories?post=35121"},{"taxonomy":"post_tag","embeddable":true,"href":"https:\/\/www.proquimia.com\/fr\/wp-json\/wp\/v2\/tags?post=35121"},{"taxonomy":"sector","embeddable":true,"href":"https:\/\/www.proquimia.com\/fr\/wp-json\/wp\/v2\/sector?post=35121"},{"taxonomy":"country","embeddable":true,"href":"https:\/\/www.proquimia.com\/fr\/wp-json\/wp\/v2\/country?post=35121"},{"taxonomy":"author","embeddable":true,"href":"https:\/\/www.proquimia.com\/fr\/wp-json\/wp\/v2\/ppma_author?post=35121"}],"curies":[{"name":"wp","href":"https:\/\/api.w.org\/{rel}","templated":true}]}}