{"id":55404,"date":"2025-04-30T09:45:57","date_gmt":"2025-04-30T07:45:57","guid":{"rendered":"https:\/\/www.proquimia.com\/proquimia-se-incorpora-como-patrono-de-la-fundacion-escuela-internacional-de-industrias-lacteas\/"},"modified":"2025-10-13T14:43:02","modified_gmt":"2025-10-13T12:43:02","slug":"proquimia-se-incorpora-como-patrono-de-la-fundacion-escuela-internacional-de-industrias-lacteas","status":"publish","type":"post","link":"https:\/\/www.proquimia.com\/ca\/proquimia-se-incorpora-como-patrono-de-la-fundacion-escuela-internacional-de-industrias-lacteas\/","title":{"rendered":"Proquimia s&#8217;incorpora com a patrona de la Fundaci\u00f3 Escola Internacional d&#8217;ind\u00fastries L\u00e0cties"},"content":{"rendered":"\r\n<div class=\"vce-row-container\" data-vce-boxed-width=\"true\">\r\n<div id=\"el-77af74b5\" class=\"vce-row vce-row--col-gap-30 vce-row-equal-height vce-row-content--top\" data-vce-do-apply=\"all el-77af74b5\">\r\n<div class=\"vce-row-content\" data-vce-element-content=\"true\">\r\n\r\n\r\n<div id=\"el-3a4bc009\" class=\"vce-col vce-col--md-auto vce-col--xs-1 vce-col--xs-last vce-col--xs-first vce-col--sm-last vce-col--sm-first vce-col--md-last vce-col--lg-last vce-col--xl-last vce-col--md-first vce-col--lg-first vce-col--xl-first\">\r\n<div class=\"vce-col-inner\" data-vce-do-apply=\"border margin background el-3a4bc009\">\r\n<div class=\"vce-content-background-container\"><\/div>\r\n<div class=\"vce-col-content\" data-vce-element-content=\"true\" data-vce-do-apply=\"padding el-3a4bc009\">\r\n\r\n\r\n<div class=\"vce-text-block\">\r\n<div id=\"el-6065d085\" class=\"vce-text-block-wrapper vce\" data-vce-do-apply=\"all el-6065d085\">\r\n<div data-olk-copy-source=\"MessageBody\">\r\n<h6 class=\"sr-only\"><\/h6>\r\n<div class=\"text-base my-auto mx-auto pb-10 [--thread-content-margin:--spacing(4)] thread-sm:[--thread-content-margin:--spacing(6)] thread-lg:[--thread-content-margin:--spacing(16)] px-(--thread-content-margin)\">\r\n<div class=\"[--thread-content-max-width:40rem] thread-lg:[--thread-content-max-width:48rem] mx-auto max-w-(--thread-content-max-width) flex-1 group\/turn-messages focus-visible:outline-hidden relative flex w-full min-w-0 flex-col agent-turn\" tabindex=\"-1\">\r\n<div class=\"flex max-w-full flex-col grow\">\r\n<div class=\"min-h-8 text-message relative flex w-full flex-col items-end gap-2 text-start break-words whitespace-normal [.text-message+&amp;]:mt-1\" dir=\"auto\" data-message-author-role=\"assistant\" data-message-id=\"4796ec18-92c4-4a5f-8e40-bd296b6480f0\" data-message-model-slug=\"gpt-5\">\r\n<div class=\"flex w-full flex-col gap-1 empty:hidden first:pt-[1px]\">\r\n<div class=\"markdown prose dark:prose-invert w-full break-words light markdown-new-styling\">\r\n<p data-start=\"0\" data-end=\"362\" data-is-last-node=\"\" data-is-only-node=\"\">Proquimia ha formalitzat recentment la seva incorporaci\u00f3 com a patrona de la Fundaci\u00f3 Escola Internacional d\u2019Ind\u00fastries L\u00e0cties (EILZA), amb seu a Zamora. Aquesta alian\u00e7a estrat\u00e8gica marca l\u2019inici d\u2019una s\u00e8rie de col\u00b7laboracions conjuntes entre ambdues entitats, amb l\u2019objectiu de promoure la formaci\u00f3, la innovaci\u00f3 i el desenvolupament del sector l\u00e0ctic.<\/p>\r\n\r\n<\/div>\r\n<\/div>\r\n<\/div>\r\n<\/div>\r\n<\/div>\r\n<\/div>\r\n<\/div>\r\n<\/div>\r\n<\/div>\r\n\r\n\r\n<\/div>\r\n<\/div>\r\n<\/div>\r\n\r\n\r\n<\/div>\r\n<\/div>\r\n<\/div>\r\n\r\n<div class=\"vce-row-container\" data-vce-boxed-width=\"true\">\r\n<div id=\"el-b47e5fa8\" class=\"vce-row vce-row--col-gap-30 vce-row-equal-height vce-row-content--top\" data-vce-do-apply=\"all el-b47e5fa8\">\r\n<div class=\"vce-row-content\" data-vce-element-content=\"true\">\r\n\r\n\r\n<div id=\"el-a9b0b10c\" class=\"vce-col vce-col--md-auto vce-col--xs-1 vce-col--xs-last vce-col--xs-first vce-col--sm-last vce-col--sm-first vce-col--md-first vce-col--lg-first vce-col--xl-first\">\r\n<div class=\"vce-col-inner\" data-vce-do-apply=\"border margin background el-a9b0b10c\">\r\n<div class=\"vce-col-content\" data-vce-element-content=\"true\" data-vce-do-apply=\"padding el-a9b0b10c\">\r\n\r\n\r\n<div class=\"vce-single-image-container vce-single-image--align-left\">\r\n<div id=\"el-d4a329bd\" class=\"vce vce-single-image-wrapper\" data-vce-do-apply=\"all el-d4a329bd\">\r\n<figure>\r\n<div class=\"vce-single-image-figure-inner\" style=\"width: 1093px;\">\r\n<div class=\"vce-single-image-inner vce-single-image--absolute\" style=\"width: 100%; padding-bottom: 109.79%;\"><img loading=\"lazy\" decoding=\"async\" class=\"vce-single-image\" title=\"EILZA 3\" src=\"https:\/\/www.proquimia.com\/wp-content\/uploads\/EILZA-3-1093x1200.jpg\" srcset=\"https:\/\/www.proquimia.com\/wp-content\/uploads\/EILZA-3-320x351.jpg 320w, https:\/\/www.proquimia.com\/wp-content\/uploads\/EILZA-3-480x527.jpg 480w, https:\/\/www.proquimia.com\/wp-content\/uploads\/EILZA-3-800x878.jpg 800w, https:\/\/www.proquimia.com\/wp-content\/uploads\/EILZA-3-1093x1200.jpg 1093w\" alt=\"\" width=\"1093\" height=\"1200\" data-img-src=\"https:\/\/www.proquimia.com\/wp-content\/uploads\/EILZA-3.jpg\" data-attachment-id=\"49556\" \/><\/div>\r\n<\/div>\r\n<figcaption hidden=\"\"><\/figcaption><\/figure>\r\n<\/div>\r\n<\/div>\r\n\r\n\r\n<\/div>\r\n<\/div>\r\n<\/div>\r\n\r\n<div id=\"el-ba78240f\" class=\"vce-col vce-col--md-auto vce-col--xs-1 vce-col--xs-last vce-col--xs-first vce-col--sm-last vce-col--sm-first vce-col--md-last vce-col--lg-last vce-col--xl-last\">\r\n<div class=\"vce-col-inner\" data-vce-do-apply=\"border margin background el-ba78240f\">\r\n<div class=\"vce-col-content\" data-vce-element-content=\"true\" data-vce-do-apply=\"padding el-ba78240f\">\r\n\r\n\r\n<div class=\"vce-text-block\">\r\n<div id=\"el-09f883c4\" class=\"vce-text-block-wrapper vce\" data-vce-do-apply=\"all el-09f883c4\">\r\n<div>\r\n<p data-start=\"0\" data-end=\"469\">En el marc d\u2019aquesta col\u00b7laboraci\u00f3, una delegaci\u00f3 de Proquimia va visitar fa unes setmanes les instal\u00b7lacions de l\u2019Escola, on es van intercanviar impressions i es van establir les bases per a futurs projectes conjunts. Entre les accions previstes, destaquen la realitzaci\u00f3 de cursos de formaci\u00f3 i seminaris especialitzats, aix\u00ed com l\u2019organitzaci\u00f3 d\u2019unes jornades t\u00e8cniques sobre formatgeries, que se celebraran pr\u00f2ximament a la mateixa seu de la Fundaci\u00f3.<\/p>\r\n<p data-start=\"471\" data-end=\"660\" data-is-last-node=\"\" data-is-only-node=\"\">Aquesta iniciativa refor\u00e7a el comprom\u00eds de Proquimia amb la formaci\u00f3 cont\u00ednua i el suport al teixit industrial del sector alimentari, especialment en l\u2019\u00e0mbit dels productes l\u00e0ctics.<\/p>\r\n\r\n<\/div>\r\n<div><\/div>\r\n<div><a href=\"https:\/\/eilza.es\/fundacion\/\">Fundaci\u00f3n EILZA<\/a><\/div>\r\n<\/div>\r\n<\/div>\r\n\r\n\r\n<\/div>\r\n<\/div>\r\n<\/div>\r\n\r\n\r\n<\/div>\r\n<\/div>\r\n<\/div>\r\n\n","protected":false},"excerpt":{"rendered":"<p>Proquimia ha formalitzat recentment la seva incorporaci\u00f3 com a patrona de la Fundaci\u00f3 Escola Internacional d\u2019Ind\u00fastries L\u00e0cties (EILZA), amb seu a Zamora. Aquesta alian\u00e7a estrat\u00e8gica marca l\u2019inici d\u2019una s\u00e8rie de col\u00b7laboracions conjuntes entre ambdues entitats, amb l\u2019objectiu de promoure la formaci\u00f3, la innovaci\u00f3 i el desenvolupament del sector l\u00e0ctic. En el marc d\u2019aquesta col\u00b7laboraci\u00f3, una [&hellip;]<\/p>\n","protected":false},"author":3,"featured_media":55410,"comment_status":"closed","ping_status":"open","sticky":false,"template":"","format":"standard","meta":{"_acf_changed":false,"inline_featured_image":false,"footnotes":""},"categories":[75],"tags":[],"sector":[513,504],"country":[],"ppma_author":[620],"class_list":["post-55404","post","type-post","status-publish","format-standard","has-post-thumbnail","hentry","category-proquimia","sector-home-ca","sector-actualitat"],"acf":[],"yoast_head":"<!-- This site is optimized with the Yoast SEO plugin v27.5 - https:\/\/yoast.com\/product\/yoast-seo-wordpress\/ -->\n<title>Proquimia s\u2019incorpora a la Fundaci\u00f3 EILZA<\/title>\n<meta name=\"description\" content=\"Proquimia s\u2019uneix a la Fundaci\u00f3 EILZA com a patrona per fomentar la formaci\u00f3 i la innovaci\u00f3 en la ind\u00fastria l\u00e0ctica.\" \/>\n<meta name=\"robots\" content=\"index, follow, max-snippet:-1, max-image-preview:large, max-video-preview:-1\" \/>\n<link rel=\"canonical\" href=\"https:\/\/www.proquimia.com\/ca\/proquimia-se-incorpora-como-patrono-de-la-fundacion-escuela-internacional-de-industrias-lacteas\/\" \/>\n<meta property=\"og:locale\" content=\"ca_ES\" \/>\n<meta property=\"og:type\" content=\"article\" \/>\n<meta property=\"og:title\" content=\"Proquimia s\u2019incorpora a la Fundaci\u00f3 EILZA\" \/>\n<meta property=\"og:description\" content=\"Proquimia s\u2019uneix a la Fundaci\u00f3 EILZA com a patrona per fomentar la formaci\u00f3 i la innovaci\u00f3 en la ind\u00fastria l\u00e0ctica.\" \/>\n<meta property=\"og:url\" content=\"https:\/\/www.proquimia.com\/ca\/proquimia-se-incorpora-como-patrono-de-la-fundacion-escuela-internacional-de-industrias-lacteas\/\" \/>\n<meta property=\"og:site_name\" content=\"Proquimia\" \/>\n<meta property=\"article:publisher\" content=\"https:\/\/www.facebook.com\/proquimia\" \/>\n<meta property=\"article:published_time\" content=\"2025-04-30T07:45:57+00:00\" \/>\n<meta property=\"article:modified_time\" content=\"2025-10-13T12:43:02+00:00\" \/>\n<meta property=\"og:image\" content=\"https:\/\/www.proquimia.com\/wp-content\/uploads\/Proquimia-sincorpora-a-Eliza.jpg\" \/>\n\t<meta property=\"og:image:width\" content=\"600\" \/>\n\t<meta property=\"og:image:height\" content=\"365\" \/>\n\t<meta property=\"og:image:type\" content=\"image\/jpeg\" \/>\n<meta name=\"author\" content=\"Eva Fabregas\" \/>\n<meta name=\"twitter:card\" content=\"summary_large_image\" \/>\n<meta name=\"twitter:creator\" content=\"@proquimia71\" \/>\n<meta name=\"twitter:site\" content=\"@proquimia71\" \/>\n<meta name=\"twitter:label1\" content=\"Escrit per\" \/>\n\t<meta name=\"twitter:data1\" content=\"Eva Fabregas\" \/>\n\t<meta name=\"twitter:label2\" content=\"Temps estimat de lectura\" \/>\n\t<meta name=\"twitter:data2\" content=\"2 minuts\" \/>\n<script type=\"application\/ld+json\" class=\"yoast-schema-graph\">{\"@context\":\"https:\\\/\\\/schema.org\",\"@graph\":[{\"@type\":\"Article\",\"@id\":\"https:\\\/\\\/www.proquimia.com\\\/ca\\\/proquimia-se-incorpora-como-patrono-de-la-fundacion-escuela-internacional-de-industrias-lacteas\\\/#article\",\"isPartOf\":{\"@id\":\"https:\\\/\\\/www.proquimia.com\\\/ca\\\/proquimia-se-incorpora-como-patrono-de-la-fundacion-escuela-internacional-de-industrias-lacteas\\\/\"},\"author\":{\"name\":\"Eva Fabregas\",\"@id\":\"https:\\\/\\\/www.proquimia.com\\\/ca\\\/#\\\/schema\\\/person\\\/7cebc098bafef2bc8e64712bacd71f44\"},\"headline\":\"Proquimia s&#8217;incorpora com a patrona de la Fundaci\u00f3 Escola Internacional d&#8217;ind\u00fastries L\u00e0cties\",\"datePublished\":\"2025-04-30T07:45:57+00:00\",\"dateModified\":\"2025-10-13T12:43:02+00:00\",\"mainEntityOfPage\":{\"@id\":\"https:\\\/\\\/www.proquimia.com\\\/ca\\\/proquimia-se-incorpora-como-patrono-de-la-fundacion-escuela-internacional-de-industrias-lacteas\\\/\"},\"wordCount\":185,\"publisher\":{\"@id\":\"https:\\\/\\\/www.proquimia.com\\\/ca\\\/#organization\"},\"image\":{\"@id\":\"https:\\\/\\\/www.proquimia.com\\\/ca\\\/proquimia-se-incorpora-como-patrono-de-la-fundacion-escuela-internacional-de-industrias-lacteas\\\/#primaryimage\"},\"thumbnailUrl\":\"https:\\\/\\\/www.proquimia.com\\\/wp-content\\\/uploads\\\/Proquimia-sincorpora-a-Eliza.jpg\",\"articleSection\":[\"Proquimia\"],\"inLanguage\":\"ca\"},{\"@type\":\"WebPage\",\"@id\":\"https:\\\/\\\/www.proquimia.com\\\/ca\\\/proquimia-se-incorpora-como-patrono-de-la-fundacion-escuela-internacional-de-industrias-lacteas\\\/\",\"url\":\"https:\\\/\\\/www.proquimia.com\\\/ca\\\/proquimia-se-incorpora-como-patrono-de-la-fundacion-escuela-internacional-de-industrias-lacteas\\\/\",\"name\":\"Proquimia s\u2019incorpora a la Fundaci\u00f3 EILZA\",\"isPartOf\":{\"@id\":\"https:\\\/\\\/www.proquimia.com\\\/ca\\\/#website\"},\"primaryImageOfPage\":{\"@id\":\"https:\\\/\\\/www.proquimia.com\\\/ca\\\/proquimia-se-incorpora-como-patrono-de-la-fundacion-escuela-internacional-de-industrias-lacteas\\\/#primaryimage\"},\"image\":{\"@id\":\"https:\\\/\\\/www.proquimia.com\\\/ca\\\/proquimia-se-incorpora-como-patrono-de-la-fundacion-escuela-internacional-de-industrias-lacteas\\\/#primaryimage\"},\"thumbnailUrl\":\"https:\\\/\\\/www.proquimia.com\\\/wp-content\\\/uploads\\\/Proquimia-sincorpora-a-Eliza.jpg\",\"datePublished\":\"2025-04-30T07:45:57+00:00\",\"dateModified\":\"2025-10-13T12:43:02+00:00\",\"description\":\"Proquimia s\u2019uneix a la Fundaci\u00f3 EILZA com a patrona per fomentar la formaci\u00f3 i la innovaci\u00f3 en la ind\u00fastria l\u00e0ctica.\",\"breadcrumb\":{\"@id\":\"https:\\\/\\\/www.proquimia.com\\\/ca\\\/proquimia-se-incorpora-como-patrono-de-la-fundacion-escuela-internacional-de-industrias-lacteas\\\/#breadcrumb\"},\"inLanguage\":\"ca\",\"potentialAction\":[{\"@type\":\"ReadAction\",\"target\":[\"https:\\\/\\\/www.proquimia.com\\\/ca\\\/proquimia-se-incorpora-como-patrono-de-la-fundacion-escuela-internacional-de-industrias-lacteas\\\/\"]}]},{\"@type\":\"ImageObject\",\"inLanguage\":\"ca\",\"@id\":\"https:\\\/\\\/www.proquimia.com\\\/ca\\\/proquimia-se-incorpora-como-patrono-de-la-fundacion-escuela-internacional-de-industrias-lacteas\\\/#primaryimage\",\"url\":\"https:\\\/\\\/www.proquimia.com\\\/wp-content\\\/uploads\\\/Proquimia-sincorpora-a-Eliza.jpg\",\"contentUrl\":\"https:\\\/\\\/www.proquimia.com\\\/wp-content\\\/uploads\\\/Proquimia-sincorpora-a-Eliza.jpg\",\"width\":600,\"height\":365,\"caption\":\"Proquimia promou la formaci\u00f3 i la innovaci\u00f3 en la ind\u00fastria l\u00e0ctica amb la Fundaci\u00f3 EILZA\"},{\"@type\":\"BreadcrumbList\",\"@id\":\"https:\\\/\\\/www.proquimia.com\\\/ca\\\/proquimia-se-incorpora-como-patrono-de-la-fundacion-escuela-internacional-de-industrias-lacteas\\\/#breadcrumb\",\"itemListElement\":[{\"@type\":\"ListItem\",\"position\":1,\"name\":\"Portada\",\"item\":\"https:\\\/\\\/www.proquimia.com\\\/ca\\\/\"},{\"@type\":\"ListItem\",\"position\":2,\"name\":\"Proquimia s&#8217;incorpora com a patrona de la Fundaci\u00f3 Escola Internacional d&#8217;ind\u00fastries L\u00e0cties\"}]},{\"@type\":\"WebSite\",\"@id\":\"https:\\\/\\\/www.proquimia.com\\\/ca\\\/#website\",\"url\":\"https:\\\/\\\/www.proquimia.com\\\/ca\\\/\",\"name\":\"Proquimia\",\"description\":\"Soluciones qu\u00edmicas y Productos de Limpieza Industrial\",\"publisher\":{\"@id\":\"https:\\\/\\\/www.proquimia.com\\\/ca\\\/#organization\"},\"potentialAction\":[{\"@type\":\"SearchAction\",\"target\":{\"@type\":\"EntryPoint\",\"urlTemplate\":\"https:\\\/\\\/www.proquimia.com\\\/ca\\\/?s={search_term_string}\"},\"query-input\":{\"@type\":\"PropertyValueSpecification\",\"valueRequired\":true,\"valueName\":\"search_term_string\"}}],\"inLanguage\":\"ca\"},{\"@type\":\"Organization\",\"@id\":\"https:\\\/\\\/www.proquimia.com\\\/ca\\\/#organization\",\"name\":\"Proquimia\",\"url\":\"https:\\\/\\\/www.proquimia.com\\\/ca\\\/\",\"logo\":{\"@type\":\"ImageObject\",\"inLanguage\":\"ca\",\"@id\":\"https:\\\/\\\/www.proquimia.com\\\/ca\\\/#\\\/schema\\\/logo\\\/image\\\/\",\"url\":\"https:\\\/\\\/www.proquimia.com\\\/wp-content\\\/uploads\\\/proquimia-logo-yoast.png\",\"contentUrl\":\"https:\\\/\\\/www.proquimia.com\\\/wp-content\\\/uploads\\\/proquimia-logo-yoast.png\",\"width\":696,\"height\":696,\"caption\":\"Proquimia\"},\"image\":{\"@id\":\"https:\\\/\\\/www.proquimia.com\\\/ca\\\/#\\\/schema\\\/logo\\\/image\\\/\"},\"sameAs\":[\"https:\\\/\\\/www.facebook.com\\\/proquimia\",\"https:\\\/\\\/x.com\\\/proquimia71\",\"https:\\\/\\\/www.instagram.com\\\/proquimia_co\\\/\",\"http:\\\/\\\/www.linkedin.com\\\/company\\\/proquimia\",\"http:\\\/\\\/www.youtube.com\\\/user\\\/proquimiavic\"]},{\"@type\":\"Person\",\"@id\":\"https:\\\/\\\/www.proquimia.com\\\/ca\\\/#\\\/schema\\\/person\\\/7cebc098bafef2bc8e64712bacd71f44\",\"name\":\"Eva Fabregas\",\"url\":\"https:\\\/\\\/www.proquimia.com\\\/ca\\\/author\\\/efabregas\\\/\"}]}<\/script>\n<!-- \/ Yoast SEO plugin. -->","yoast_head_json":{"title":"Proquimia s\u2019incorpora a la Fundaci\u00f3 EILZA","description":"Proquimia s\u2019uneix a la Fundaci\u00f3 EILZA com a patrona per fomentar la formaci\u00f3 i la innovaci\u00f3 en la ind\u00fastria l\u00e0ctica.","robots":{"index":"index","follow":"follow","max-snippet":"max-snippet:-1","max-image-preview":"max-image-preview:large","max-video-preview":"max-video-preview:-1"},"canonical":"https:\/\/www.proquimia.com\/ca\/proquimia-se-incorpora-como-patrono-de-la-fundacion-escuela-internacional-de-industrias-lacteas\/","og_locale":"ca_ES","og_type":"article","og_title":"Proquimia s\u2019incorpora a la Fundaci\u00f3 EILZA","og_description":"Proquimia s\u2019uneix a la Fundaci\u00f3 EILZA com a patrona per fomentar la formaci\u00f3 i la innovaci\u00f3 en la ind\u00fastria l\u00e0ctica.","og_url":"https:\/\/www.proquimia.com\/ca\/proquimia-se-incorpora-como-patrono-de-la-fundacion-escuela-internacional-de-industrias-lacteas\/","og_site_name":"Proquimia","article_publisher":"https:\/\/www.facebook.com\/proquimia","article_published_time":"2025-04-30T07:45:57+00:00","article_modified_time":"2025-10-13T12:43:02+00:00","og_image":[{"width":600,"height":365,"url":"https:\/\/www.proquimia.com\/wp-content\/uploads\/Proquimia-sincorpora-a-Eliza.jpg","type":"image\/jpeg"}],"author":"Eva Fabregas","twitter_card":"summary_large_image","twitter_creator":"@proquimia71","twitter_site":"@proquimia71","twitter_misc":{"Escrit per":"Eva Fabregas","Temps estimat de lectura":"2 minuts"},"schema":{"@context":"https:\/\/schema.org","@graph":[{"@type":"Article","@id":"https:\/\/www.proquimia.com\/ca\/proquimia-se-incorpora-como-patrono-de-la-fundacion-escuela-internacional-de-industrias-lacteas\/#article","isPartOf":{"@id":"https:\/\/www.proquimia.com\/ca\/proquimia-se-incorpora-como-patrono-de-la-fundacion-escuela-internacional-de-industrias-lacteas\/"},"author":{"name":"Eva Fabregas","@id":"https:\/\/www.proquimia.com\/ca\/#\/schema\/person\/7cebc098bafef2bc8e64712bacd71f44"},"headline":"Proquimia s&#8217;incorpora com a patrona de la Fundaci\u00f3 Escola Internacional d&#8217;ind\u00fastries L\u00e0cties","datePublished":"2025-04-30T07:45:57+00:00","dateModified":"2025-10-13T12:43:02+00:00","mainEntityOfPage":{"@id":"https:\/\/www.proquimia.com\/ca\/proquimia-se-incorpora-como-patrono-de-la-fundacion-escuela-internacional-de-industrias-lacteas\/"},"wordCount":185,"publisher":{"@id":"https:\/\/www.proquimia.com\/ca\/#organization"},"image":{"@id":"https:\/\/www.proquimia.com\/ca\/proquimia-se-incorpora-como-patrono-de-la-fundacion-escuela-internacional-de-industrias-lacteas\/#primaryimage"},"thumbnailUrl":"https:\/\/www.proquimia.com\/wp-content\/uploads\/Proquimia-sincorpora-a-Eliza.jpg","articleSection":["Proquimia"],"inLanguage":"ca"},{"@type":"WebPage","@id":"https:\/\/www.proquimia.com\/ca\/proquimia-se-incorpora-como-patrono-de-la-fundacion-escuela-internacional-de-industrias-lacteas\/","url":"https:\/\/www.proquimia.com\/ca\/proquimia-se-incorpora-como-patrono-de-la-fundacion-escuela-internacional-de-industrias-lacteas\/","name":"Proquimia s\u2019incorpora a la Fundaci\u00f3 EILZA","isPartOf":{"@id":"https:\/\/www.proquimia.com\/ca\/#website"},"primaryImageOfPage":{"@id":"https:\/\/www.proquimia.com\/ca\/proquimia-se-incorpora-como-patrono-de-la-fundacion-escuela-internacional-de-industrias-lacteas\/#primaryimage"},"image":{"@id":"https:\/\/www.proquimia.com\/ca\/proquimia-se-incorpora-como-patrono-de-la-fundacion-escuela-internacional-de-industrias-lacteas\/#primaryimage"},"thumbnailUrl":"https:\/\/www.proquimia.com\/wp-content\/uploads\/Proquimia-sincorpora-a-Eliza.jpg","datePublished":"2025-04-30T07:45:57+00:00","dateModified":"2025-10-13T12:43:02+00:00","description":"Proquimia s\u2019uneix a la Fundaci\u00f3 EILZA com a patrona per fomentar la formaci\u00f3 i la innovaci\u00f3 en la ind\u00fastria l\u00e0ctica.","breadcrumb":{"@id":"https:\/\/www.proquimia.com\/ca\/proquimia-se-incorpora-como-patrono-de-la-fundacion-escuela-internacional-de-industrias-lacteas\/#breadcrumb"},"inLanguage":"ca","potentialAction":[{"@type":"ReadAction","target":["https:\/\/www.proquimia.com\/ca\/proquimia-se-incorpora-como-patrono-de-la-fundacion-escuela-internacional-de-industrias-lacteas\/"]}]},{"@type":"ImageObject","inLanguage":"ca","@id":"https:\/\/www.proquimia.com\/ca\/proquimia-se-incorpora-como-patrono-de-la-fundacion-escuela-internacional-de-industrias-lacteas\/#primaryimage","url":"https:\/\/www.proquimia.com\/wp-content\/uploads\/Proquimia-sincorpora-a-Eliza.jpg","contentUrl":"https:\/\/www.proquimia.com\/wp-content\/uploads\/Proquimia-sincorpora-a-Eliza.jpg","width":600,"height":365,"caption":"Proquimia promou la formaci\u00f3 i la innovaci\u00f3 en la ind\u00fastria l\u00e0ctica amb la Fundaci\u00f3 EILZA"},{"@type":"BreadcrumbList","@id":"https:\/\/www.proquimia.com\/ca\/proquimia-se-incorpora-como-patrono-de-la-fundacion-escuela-internacional-de-industrias-lacteas\/#breadcrumb","itemListElement":[{"@type":"ListItem","position":1,"name":"Portada","item":"https:\/\/www.proquimia.com\/ca\/"},{"@type":"ListItem","position":2,"name":"Proquimia s&#8217;incorpora com a patrona de la Fundaci\u00f3 Escola Internacional d&#8217;ind\u00fastries L\u00e0cties"}]},{"@type":"WebSite","@id":"https:\/\/www.proquimia.com\/ca\/#website","url":"https:\/\/www.proquimia.com\/ca\/","name":"Proquimia","description":"Soluciones qu\u00edmicas y Productos de Limpieza Industrial","publisher":{"@id":"https:\/\/www.proquimia.com\/ca\/#organization"},"potentialAction":[{"@type":"SearchAction","target":{"@type":"EntryPoint","urlTemplate":"https:\/\/www.proquimia.com\/ca\/?s={search_term_string}"},"query-input":{"@type":"PropertyValueSpecification","valueRequired":true,"valueName":"search_term_string"}}],"inLanguage":"ca"},{"@type":"Organization","@id":"https:\/\/www.proquimia.com\/ca\/#organization","name":"Proquimia","url":"https:\/\/www.proquimia.com\/ca\/","logo":{"@type":"ImageObject","inLanguage":"ca","@id":"https:\/\/www.proquimia.com\/ca\/#\/schema\/logo\/image\/","url":"https:\/\/www.proquimia.com\/wp-content\/uploads\/proquimia-logo-yoast.png","contentUrl":"https:\/\/www.proquimia.com\/wp-content\/uploads\/proquimia-logo-yoast.png","width":696,"height":696,"caption":"Proquimia"},"image":{"@id":"https:\/\/www.proquimia.com\/ca\/#\/schema\/logo\/image\/"},"sameAs":["https:\/\/www.facebook.com\/proquimia","https:\/\/x.com\/proquimia71","https:\/\/www.instagram.com\/proquimia_co\/","http:\/\/www.linkedin.com\/company\/proquimia","http:\/\/www.youtube.com\/user\/proquimiavic"]},{"@type":"Person","@id":"https:\/\/www.proquimia.com\/ca\/#\/schema\/person\/7cebc098bafef2bc8e64712bacd71f44","name":"Eva Fabregas","url":"https:\/\/www.proquimia.com\/ca\/author\/efabregas\/"}]}},"authors":[{"term_id":620,"user_id":3,"is_guest":0,"slug":"efabregas","display_name":"Eva Fabregas","avatar_url":"https:\/\/secure.gravatar.com\/avatar\/04f7a4bb4094cea30f06892816d0f9376a4174b2ae19649e65203ef3473afdb6?s=96&d=mm&r=g","0":null,"1":"","2":"","3":"","4":"","5":"","6":"","7":""}],"_links":{"self":[{"href":"https:\/\/www.proquimia.com\/ca\/wp-json\/wp\/v2\/posts\/55404","targetHints":{"allow":["GET"]}}],"collection":[{"href":"https:\/\/www.proquimia.com\/ca\/wp-json\/wp\/v2\/posts"}],"about":[{"href":"https:\/\/www.proquimia.com\/ca\/wp-json\/wp\/v2\/types\/post"}],"author":[{"embeddable":true,"href":"https:\/\/www.proquimia.com\/ca\/wp-json\/wp\/v2\/users\/3"}],"replies":[{"embeddable":true,"href":"https:\/\/www.proquimia.com\/ca\/wp-json\/wp\/v2\/comments?post=55404"}],"version-history":[{"count":5,"href":"https:\/\/www.proquimia.com\/ca\/wp-json\/wp\/v2\/posts\/55404\/revisions"}],"predecessor-version":[{"id":55409,"href":"https:\/\/www.proquimia.com\/ca\/wp-json\/wp\/v2\/posts\/55404\/revisions\/55409"}],"wp:featuredmedia":[{"embeddable":true,"href":"https:\/\/www.proquimia.com\/ca\/wp-json\/wp\/v2\/media\/55410"}],"wp:attachment":[{"href":"https:\/\/www.proquimia.com\/ca\/wp-json\/wp\/v2\/media?parent=55404"}],"wp:term":[{"taxonomy":"category","embeddable":true,"href":"https:\/\/www.proquimia.com\/ca\/wp-json\/wp\/v2\/categories?post=55404"},{"taxonomy":"post_tag","embeddable":true,"href":"https:\/\/www.proquimia.com\/ca\/wp-json\/wp\/v2\/tags?post=55404"},{"taxonomy":"sector","embeddable":true,"href":"https:\/\/www.proquimia.com\/ca\/wp-json\/wp\/v2\/sector?post=55404"},{"taxonomy":"country","embeddable":true,"href":"https:\/\/www.proquimia.com\/ca\/wp-json\/wp\/v2\/country?post=55404"},{"taxonomy":"author","embeddable":true,"href":"https:\/\/www.proquimia.com\/ca\/wp-json\/wp\/v2\/ppma_author?post=55404"}],"curies":[{"name":"wp","href":"https:\/\/api.w.org\/{rel}","templated":true}]}}