{"id":47391,"date":"2024-07-01T14:10:38","date_gmt":"2024-07-01T12:10:38","guid":{"rendered":"https:\/\/www.proquimia.com\/?p=47391"},"modified":"2025-12-09T12:29:09","modified_gmt":"2025-12-09T11:29:09","slug":"gran-participacio-a-la-jornada-tecnica-nous-reptes-en-seguretat-alimentaria","status":"publish","type":"post","link":"https:\/\/www.proquimia.com\/ca\/gran-participacio-a-la-jornada-tecnica-nous-reptes-en-seguretat-alimentaria\/","title":{"rendered":"Gran participaci\u00f3 a la Jornada T\u00e8cnica: Nous reptes en seguretat alimentaria"},"content":{"rendered":"\r\n<div class=\"vce-row-container\" data-vce-boxed-width=\"true\">\r\n<div id=\"el-3f351d35\" class=\"vce-row vce-row--col-gap-30 vce-row-equal-height vce-row-content--top\" data-vce-do-apply=\"all el-3f351d35\">\r\n<div class=\"vce-row-content\" data-vce-element-content=\"true\">\r\n\r\n\r\n<div id=\"el-8520a767\" class=\"vce-col vce-col--md-auto vce-col--xs-1 vce-col--xs-last vce-col--xs-first vce-col--sm-last vce-col--sm-first vce-col--md-last vce-col--lg-last vce-col--xl-last vce-col--md-first vce-col--lg-first vce-col--xl-first\">\r\n<div class=\"vce-col-inner\" data-vce-do-apply=\"border margin background el-8520a767\">\r\n<div class=\"vce-col-content\" data-vce-element-content=\"true\" data-vce-do-apply=\"padding el-8520a767\">\r\n\r\n\r\n<div class=\"vce-text-block\">\r\n<div id=\"el-4bfc57a3\" class=\"vce-text-block-wrapper vce\" data-vce-do-apply=\"all el-4bfc57a3\">\r\n\r\nEl passat divendres 14 de juny, la Facultat de Veterin\u00e0ria de la Universitat de Las Palmas de Gran Canaria va acollir la Jornada T\u00e8cnica \"Nous Reptes en Seguretat Aliment\u00e0ria\". Aquest esdeveniment, organitzat per PROQUIMIA en col\u00b7laboraci\u00f3 amb la Universitat de Las Palmas de Gran Canaria, es va centrar en la import\u00e0ncia de la neteja i desinfecci\u00f3 en la ind\u00fastria aliment\u00e0ria per garantir la seguretat dels productes.\r\n\r\n<\/div>\r\n<\/div>\r\n\r\n\r\n<\/div>\r\n<\/div>\r\n<\/div>\r\n\r\n\r\n<\/div>\r\n<\/div>\r\n<\/div>\r\n\r\n<div class=\"vce-row-container\" data-vce-boxed-width=\"true\">\r\n<div id=\"el-b0113696\" class=\"vce-row vce-row--col-gap-30 vce-row-equal-height vce-row-content--top\" data-vce-do-apply=\"all el-b0113696\">\r\n<div class=\"vce-row-content\" data-vce-element-content=\"true\">\r\n\r\n\r\n<div id=\"el-e3fd1555\" class=\"vce-col vce-col--md-auto vce-col--xs-1 vce-col--xs-last vce-col--xs-first vce-col--sm-last vce-col--sm-first vce-col--md-last vce-col--lg-last vce-col--xl-last vce-col--md-first vce-col--lg-first vce-col--xl-first\">\r\n<div class=\"vce-col-inner\" data-vce-do-apply=\"border margin background el-e3fd1555\">\r\n<div class=\"vce-col-content\" data-vce-element-content=\"true\" data-vce-do-apply=\"padding el-e3fd1555\">\r\n\r\n\r\n<div class=\"vce-single-image-container vce-single-image--align-left\">\r\n<div id=\"el-c6c701f0\" class=\"vce vce-single-image-wrapper\" data-vce-do-apply=\"all el-c6c701f0\">\r\n<figure>\r\n<div class=\"vce-single-image-figure-inner\" style=\"width: 1200px;\">\r\n<div class=\"vce-single-image-inner vce-single-image--absolute\" style=\"width: 100%; padding-bottom: 56.5833%;\"><img loading=\"lazy\" decoding=\"async\" class=\"vce-single-image\" title=\"20240614_135136\" src=\"https:\/\/www.proquimia.com\/wp-content\/uploads\/20240614_135136-1200x680.jpg\" srcset=\"https:\/\/www.proquimia.com\/wp-content\/uploads\/20240614_135136-1200x680.jpg 1200w, https:\/\/www.proquimia.com\/wp-content\/uploads\/20240614_135136-320x181.jpg 320w, https:\/\/www.proquimia.com\/wp-content\/uploads\/20240614_135136-480x272.jpg 480w, https:\/\/www.proquimia.com\/wp-content\/uploads\/20240614_135136-800x453.jpg 800w, https:\/\/www.proquimia.com\/wp-content\/uploads\/20240614_135136-2400x1358.jpg 2x\" alt=\"\" width=\"1200\" height=\"679\" data-img-src=\"https:\/\/www.proquimia.com\/wp-content\/uploads\/20240614_135136.jpg\" data-attachment-id=\"47386\" \/><\/div>\r\n<\/div>\r\n<figcaption hidden=\"\"><\/figcaption><\/figure>\r\n<\/div>\r\n<\/div>\r\n\r\n\r\n<\/div>\r\n<\/div>\r\n<\/div>\r\n\r\n\r\n<\/div>\r\n<\/div>\r\n<\/div>\r\n\r\n<div class=\"vce-row-container\" data-vce-boxed-width=\"true\">\r\n<div id=\"el-10fea8bc\" class=\"vce-row vce-row--col-gap-30 vce-row-equal-height vce-row-content--top\" data-vce-do-apply=\"all el-10fea8bc\">\r\n<div class=\"vce-row-content\" data-vce-element-content=\"true\">\r\n\r\n\r\n<div id=\"el-8977b8d8\" class=\"vce-col vce-col--md-auto vce-col--xs-1 vce-col--xs-last vce-col--xs-first vce-col--sm-last vce-col--sm-first vce-col--md-last vce-col--lg-last vce-col--xl-last vce-col--md-first vce-col--lg-first vce-col--xl-first\">\r\n<div class=\"vce-col-inner\" data-vce-do-apply=\"border margin background el-8977b8d8\">\r\n<div class=\"vce-col-content\" data-vce-element-content=\"true\" data-vce-do-apply=\"padding el-8977b8d8\">\r\n\r\n\r\n<div class=\"vce-text-block\">\r\n<div id=\"el-9a3659a9\" class=\"vce-text-block-wrapper vce\" data-vce-do-apply=\"all el-9a3659a9\">\r\n<div class=\"x_x_x_elementToProof\">La jornada va comptar amb la participaci\u00f3 de m\u00e9s de 50 professionals del sector de la ind\u00fastria aliment\u00e0ria, provinents de diversos \u00e0mbits com begudes, formatgeries i productes processats. El programa va incloure cinc pon\u00e8ncies de molt alt nivell a c\u00e0rrec d'experts en seguretat aliment\u00e0ria, referents en el sector:<\/div>\r\n<div class=\"x_x_x_elementToProof\"><b>Factors clau en disseny higi\u00e8nic de la ind\u00fastria aliment\u00e0ria. Sr. Carles Verdes Prieto<\/b>, Business Development and Food Safety Manager a Proquimia.<\/div>\r\n<div class=\"x_x_x_elementToProof\"><b>Import\u00e0ncia de la certificaci\u00f3 en la ind\u00fastria de begudes. Sr. Sergio Herrera Santana<\/b>, Director Industrial d'Ahembo.<\/div>\r\n<div class=\"x_x_x_elementToProof\"><b>Els biofilm a la ind\u00fastria aliment\u00e0ria com a responsables de l'alteraci\u00f3 dels aliments. Dr. Conrado Carrascosa Iruzubieta<\/b>, Professor del Departament de Patologia Animal, Producci\u00f3 Animal, Bromatologia i Tecnologia dels Aliments de la Universitat de Las Palmas de Gran Canaria.<\/div>\r\n<div class=\"x_x_x_elementToProof\"><b>Auditories de sistemes de gesti\u00f3 de la seguretat aliment\u00e0ria. Sr. Jorge Rodr\u00edguez Bustos<\/b>, Auditor Leader IFS i ISO 22.000.<\/div>\r\n<div class=\"x_x_x_elementToProof\"><b>Qualitat i seguretat aliment\u00e0ria en plataformes de distribuci\u00f3. Sr. Jorge Vel\u00e1zquez Alem\u00e1n<\/b>, Responsable de Qualitat i Seguretat Aliment\u00e0ria en Plataformes, Prove\u00efdors i Producte de DinoSol Supermercats.<\/div>\r\n<div><\/div>\r\n<div class=\"x_x_x_elementToProof\">La jornada va concloure amb una taula rodona en qu\u00e8 tots els ponents van discutir els temes tractats i van respondre preguntes del p\u00fablic, seguit del tancament oficial a c\u00e0rrec de l'Excm. Sr. Llu\u00eds Serra Majem, Rector de la Universitat de Las Palmas de Gran Canaria.<\/div>\r\n<div class=\"x_x_x_elementToProof\">Aquesta jornada t\u00e8cnica va subratllar la necessitat crucial de la ind\u00fastria aliment\u00e0ria d'implementar rigorosos protocols de neteja i desinfecci\u00f3 per garantir la seguretat dels aliments i protegir la salut dels consumidors.<\/div>\r\n<\/div>\r\n<\/div>\r\n\r\n\r\n<\/div>\r\n<\/div>\r\n<\/div>\r\n\r\n\r\n<\/div>\r\n<\/div>\r\n<\/div>\r\n\n","protected":false},"excerpt":{"rendered":"<p>El passat divendres 14 de juny, la Facultat de Veterin\u00e0ria de la Universitat de Las Palmas de Gran Canaria va acollir la Jornada T\u00e8cnica &#8220;Nous Reptes en Seguretat Aliment\u00e0ria&#8221;. Aquest esdeveniment, organitzat per PROQUIMIA en col\u00b7laboraci\u00f3 amb la Universitat de Las Palmas de Gran Canaria, es va centrar en la import\u00e0ncia de la neteja i [&hellip;]<\/p>\n","protected":false},"author":3,"featured_media":47400,"comment_status":"closed","ping_status":"open","sticky":false,"template":"","format":"standard","meta":{"_acf_changed":false,"inline_featured_image":false,"footnotes":""},"categories":[75],"tags":[],"sector":[],"country":[],"ppma_author":[620],"class_list":["post-47391","post","type-post","status-publish","format-standard","has-post-thumbnail","hentry","category-proquimia"],"acf":[],"yoast_head":"<!-- This site is optimized with the Yoast SEO plugin v27.5 - https:\/\/yoast.com\/product\/yoast-seo-wordpress\/ -->\n<title>Gran participaci\u00f3 en la Jornada de seguretat aliment\u00e0ria<\/title>\n<meta name=\"description\" content=\"M\u00e9s de 50 professionals assisteixen a la Jornada T\u00e8cnica sobre seguretat aliment\u00e0ria i higiene a la ind\u00fastria organitzada per PROQUIMIA.\" \/>\n<meta name=\"robots\" content=\"index, follow, max-snippet:-1, max-image-preview:large, max-video-preview:-1\" \/>\n<link rel=\"canonical\" href=\"https:\/\/www.proquimia.com\/ca\/gran-participacio-a-la-jornada-tecnica-nous-reptes-en-seguretat-alimentaria\/\" \/>\n<meta property=\"og:locale\" content=\"ca_ES\" \/>\n<meta property=\"og:type\" content=\"article\" \/>\n<meta property=\"og:title\" content=\"Gran participaci\u00f3 en la Jornada de seguretat aliment\u00e0ria\" \/>\n<meta property=\"og:description\" content=\"M\u00e9s de 50 professionals assisteixen a la Jornada T\u00e8cnica sobre seguretat aliment\u00e0ria i higiene a la ind\u00fastria organitzada per PROQUIMIA.\" \/>\n<meta property=\"og:url\" content=\"https:\/\/www.proquimia.com\/ca\/gran-participacio-a-la-jornada-tecnica-nous-reptes-en-seguretat-alimentaria\/\" \/>\n<meta property=\"og:site_name\" content=\"Proquimia\" \/>\n<meta property=\"article:publisher\" content=\"https:\/\/www.facebook.com\/proquimia\" \/>\n<meta property=\"article:published_time\" content=\"2024-07-01T12:10:38+00:00\" \/>\n<meta property=\"article:modified_time\" content=\"2025-12-09T11:29:09+00:00\" \/>\n<meta property=\"og:image\" content=\"https:\/\/www.proquimia.com\/wp-content\/uploads\/20240614_134206-1200x900.jpg\" \/>\n\t<meta property=\"og:image:width\" content=\"1200\" \/>\n\t<meta property=\"og:image:height\" content=\"900\" \/>\n\t<meta property=\"og:image:type\" content=\"image\/jpeg\" \/>\n<meta name=\"author\" content=\"Eva Fabregas\" \/>\n<meta name=\"twitter:card\" content=\"summary_large_image\" \/>\n<meta name=\"twitter:creator\" content=\"@proquimia71\" \/>\n<meta name=\"twitter:site\" content=\"@proquimia71\" \/>\n<meta name=\"twitter:label1\" content=\"Escrit per\" \/>\n\t<meta name=\"twitter:data1\" content=\"Eva Fabregas\" \/>\n\t<meta name=\"twitter:label2\" content=\"Temps estimat de lectura\" \/>\n\t<meta name=\"twitter:data2\" content=\"2 minuts\" \/>\n<script type=\"application\/ld+json\" class=\"yoast-schema-graph\">{\"@context\":\"https:\\\/\\\/schema.org\",\"@graph\":[{\"@type\":\"Article\",\"@id\":\"https:\\\/\\\/www.proquimia.com\\\/ca\\\/gran-participacio-a-la-jornada-tecnica-nous-reptes-en-seguretat-alimentaria\\\/#article\",\"isPartOf\":{\"@id\":\"https:\\\/\\\/www.proquimia.com\\\/ca\\\/gran-participacio-a-la-jornada-tecnica-nous-reptes-en-seguretat-alimentaria\\\/\"},\"author\":{\"name\":\"Eva Fabregas\",\"@id\":\"https:\\\/\\\/www.proquimia.com\\\/ca\\\/#\\\/schema\\\/person\\\/7cebc098bafef2bc8e64712bacd71f44\"},\"headline\":\"Gran participaci\u00f3 a la Jornada T\u00e8cnica: Nous reptes en seguretat alimentaria\",\"datePublished\":\"2024-07-01T12:10:38+00:00\",\"dateModified\":\"2025-12-09T11:29:09+00:00\",\"mainEntityOfPage\":{\"@id\":\"https:\\\/\\\/www.proquimia.com\\\/ca\\\/gran-participacio-a-la-jornada-tecnica-nous-reptes-en-seguretat-alimentaria\\\/\"},\"wordCount\":359,\"publisher\":{\"@id\":\"https:\\\/\\\/www.proquimia.com\\\/ca\\\/#organization\"},\"image\":{\"@id\":\"https:\\\/\\\/www.proquimia.com\\\/ca\\\/gran-participacio-a-la-jornada-tecnica-nous-reptes-en-seguretat-alimentaria\\\/#primaryimage\"},\"thumbnailUrl\":\"https:\\\/\\\/www.proquimia.com\\\/wp-content\\\/uploads\\\/20240614_134206.jpg\",\"articleSection\":[\"Proquimia\"],\"inLanguage\":\"ca\"},{\"@type\":\"WebPage\",\"@id\":\"https:\\\/\\\/www.proquimia.com\\\/ca\\\/gran-participacio-a-la-jornada-tecnica-nous-reptes-en-seguretat-alimentaria\\\/\",\"url\":\"https:\\\/\\\/www.proquimia.com\\\/ca\\\/gran-participacio-a-la-jornada-tecnica-nous-reptes-en-seguretat-alimentaria\\\/\",\"name\":\"Gran participaci\u00f3 en la Jornada de seguretat aliment\u00e0ria\",\"isPartOf\":{\"@id\":\"https:\\\/\\\/www.proquimia.com\\\/ca\\\/#website\"},\"primaryImageOfPage\":{\"@id\":\"https:\\\/\\\/www.proquimia.com\\\/ca\\\/gran-participacio-a-la-jornada-tecnica-nous-reptes-en-seguretat-alimentaria\\\/#primaryimage\"},\"image\":{\"@id\":\"https:\\\/\\\/www.proquimia.com\\\/ca\\\/gran-participacio-a-la-jornada-tecnica-nous-reptes-en-seguretat-alimentaria\\\/#primaryimage\"},\"thumbnailUrl\":\"https:\\\/\\\/www.proquimia.com\\\/wp-content\\\/uploads\\\/20240614_134206.jpg\",\"datePublished\":\"2024-07-01T12:10:38+00:00\",\"dateModified\":\"2025-12-09T11:29:09+00:00\",\"description\":\"M\u00e9s de 50 professionals assisteixen a la Jornada T\u00e8cnica sobre seguretat aliment\u00e0ria i higiene a la ind\u00fastria organitzada per PROQUIMIA.\",\"breadcrumb\":{\"@id\":\"https:\\\/\\\/www.proquimia.com\\\/ca\\\/gran-participacio-a-la-jornada-tecnica-nous-reptes-en-seguretat-alimentaria\\\/#breadcrumb\"},\"inLanguage\":\"ca\",\"potentialAction\":[{\"@type\":\"ReadAction\",\"target\":[\"https:\\\/\\\/www.proquimia.com\\\/ca\\\/gran-participacio-a-la-jornada-tecnica-nous-reptes-en-seguretat-alimentaria\\\/\"]}]},{\"@type\":\"ImageObject\",\"inLanguage\":\"ca\",\"@id\":\"https:\\\/\\\/www.proquimia.com\\\/ca\\\/gran-participacio-a-la-jornada-tecnica-nous-reptes-en-seguretat-alimentaria\\\/#primaryimage\",\"url\":\"https:\\\/\\\/www.proquimia.com\\\/wp-content\\\/uploads\\\/20240614_134206.jpg\",\"contentUrl\":\"https:\\\/\\\/www.proquimia.com\\\/wp-content\\\/uploads\\\/20240614_134206.jpg\",\"width\":4080,\"height\":3060},{\"@type\":\"BreadcrumbList\",\"@id\":\"https:\\\/\\\/www.proquimia.com\\\/ca\\\/gran-participacio-a-la-jornada-tecnica-nous-reptes-en-seguretat-alimentaria\\\/#breadcrumb\",\"itemListElement\":[{\"@type\":\"ListItem\",\"position\":1,\"name\":\"Portada\",\"item\":\"https:\\\/\\\/www.proquimia.com\\\/ca\\\/\"},{\"@type\":\"ListItem\",\"position\":2,\"name\":\"Gran participaci\u00f3 a la Jornada T\u00e8cnica: Nous reptes en seguretat alimentaria\"}]},{\"@type\":\"WebSite\",\"@id\":\"https:\\\/\\\/www.proquimia.com\\\/ca\\\/#website\",\"url\":\"https:\\\/\\\/www.proquimia.com\\\/ca\\\/\",\"name\":\"Proquimia\",\"description\":\"Soluciones qu\u00edmicas y Productos de Limpieza Industrial\",\"publisher\":{\"@id\":\"https:\\\/\\\/www.proquimia.com\\\/ca\\\/#organization\"},\"potentialAction\":[{\"@type\":\"SearchAction\",\"target\":{\"@type\":\"EntryPoint\",\"urlTemplate\":\"https:\\\/\\\/www.proquimia.com\\\/ca\\\/?s={search_term_string}\"},\"query-input\":{\"@type\":\"PropertyValueSpecification\",\"valueRequired\":true,\"valueName\":\"search_term_string\"}}],\"inLanguage\":\"ca\"},{\"@type\":\"Organization\",\"@id\":\"https:\\\/\\\/www.proquimia.com\\\/ca\\\/#organization\",\"name\":\"Proquimia\",\"url\":\"https:\\\/\\\/www.proquimia.com\\\/ca\\\/\",\"logo\":{\"@type\":\"ImageObject\",\"inLanguage\":\"ca\",\"@id\":\"https:\\\/\\\/www.proquimia.com\\\/ca\\\/#\\\/schema\\\/logo\\\/image\\\/\",\"url\":\"https:\\\/\\\/www.proquimia.com\\\/wp-content\\\/uploads\\\/proquimia-logo-yoast.png\",\"contentUrl\":\"https:\\\/\\\/www.proquimia.com\\\/wp-content\\\/uploads\\\/proquimia-logo-yoast.png\",\"width\":696,\"height\":696,\"caption\":\"Proquimia\"},\"image\":{\"@id\":\"https:\\\/\\\/www.proquimia.com\\\/ca\\\/#\\\/schema\\\/logo\\\/image\\\/\"},\"sameAs\":[\"https:\\\/\\\/www.facebook.com\\\/proquimia\",\"https:\\\/\\\/x.com\\\/proquimia71\",\"https:\\\/\\\/www.instagram.com\\\/proquimia_co\\\/\",\"http:\\\/\\\/www.linkedin.com\\\/company\\\/proquimia\",\"http:\\\/\\\/www.youtube.com\\\/user\\\/proquimiavic\"]},{\"@type\":\"Person\",\"@id\":\"https:\\\/\\\/www.proquimia.com\\\/ca\\\/#\\\/schema\\\/person\\\/7cebc098bafef2bc8e64712bacd71f44\",\"name\":\"Eva Fabregas\",\"url\":\"https:\\\/\\\/www.proquimia.com\\\/ca\\\/author\\\/efabregas\\\/\"}]}<\/script>\n<!-- \/ Yoast SEO plugin. -->","yoast_head_json":{"title":"Gran participaci\u00f3 en la Jornada de seguretat aliment\u00e0ria","description":"M\u00e9s de 50 professionals assisteixen a la Jornada T\u00e8cnica sobre seguretat aliment\u00e0ria i higiene a la ind\u00fastria organitzada per PROQUIMIA.","robots":{"index":"index","follow":"follow","max-snippet":"max-snippet:-1","max-image-preview":"max-image-preview:large","max-video-preview":"max-video-preview:-1"},"canonical":"https:\/\/www.proquimia.com\/ca\/gran-participacio-a-la-jornada-tecnica-nous-reptes-en-seguretat-alimentaria\/","og_locale":"ca_ES","og_type":"article","og_title":"Gran participaci\u00f3 en la Jornada de seguretat aliment\u00e0ria","og_description":"M\u00e9s de 50 professionals assisteixen a la Jornada T\u00e8cnica sobre seguretat aliment\u00e0ria i higiene a la ind\u00fastria organitzada per PROQUIMIA.","og_url":"https:\/\/www.proquimia.com\/ca\/gran-participacio-a-la-jornada-tecnica-nous-reptes-en-seguretat-alimentaria\/","og_site_name":"Proquimia","article_publisher":"https:\/\/www.facebook.com\/proquimia","article_published_time":"2024-07-01T12:10:38+00:00","article_modified_time":"2025-12-09T11:29:09+00:00","og_image":[{"width":1200,"height":900,"url":"https:\/\/www.proquimia.com\/wp-content\/uploads\/20240614_134206-1200x900.jpg","type":"image\/jpeg"}],"author":"Eva Fabregas","twitter_card":"summary_large_image","twitter_creator":"@proquimia71","twitter_site":"@proquimia71","twitter_misc":{"Escrit per":"Eva Fabregas","Temps estimat de lectura":"2 minuts"},"schema":{"@context":"https:\/\/schema.org","@graph":[{"@type":"Article","@id":"https:\/\/www.proquimia.com\/ca\/gran-participacio-a-la-jornada-tecnica-nous-reptes-en-seguretat-alimentaria\/#article","isPartOf":{"@id":"https:\/\/www.proquimia.com\/ca\/gran-participacio-a-la-jornada-tecnica-nous-reptes-en-seguretat-alimentaria\/"},"author":{"name":"Eva Fabregas","@id":"https:\/\/www.proquimia.com\/ca\/#\/schema\/person\/7cebc098bafef2bc8e64712bacd71f44"},"headline":"Gran participaci\u00f3 a la Jornada T\u00e8cnica: Nous reptes en seguretat alimentaria","datePublished":"2024-07-01T12:10:38+00:00","dateModified":"2025-12-09T11:29:09+00:00","mainEntityOfPage":{"@id":"https:\/\/www.proquimia.com\/ca\/gran-participacio-a-la-jornada-tecnica-nous-reptes-en-seguretat-alimentaria\/"},"wordCount":359,"publisher":{"@id":"https:\/\/www.proquimia.com\/ca\/#organization"},"image":{"@id":"https:\/\/www.proquimia.com\/ca\/gran-participacio-a-la-jornada-tecnica-nous-reptes-en-seguretat-alimentaria\/#primaryimage"},"thumbnailUrl":"https:\/\/www.proquimia.com\/wp-content\/uploads\/20240614_134206.jpg","articleSection":["Proquimia"],"inLanguage":"ca"},{"@type":"WebPage","@id":"https:\/\/www.proquimia.com\/ca\/gran-participacio-a-la-jornada-tecnica-nous-reptes-en-seguretat-alimentaria\/","url":"https:\/\/www.proquimia.com\/ca\/gran-participacio-a-la-jornada-tecnica-nous-reptes-en-seguretat-alimentaria\/","name":"Gran participaci\u00f3 en la Jornada de seguretat aliment\u00e0ria","isPartOf":{"@id":"https:\/\/www.proquimia.com\/ca\/#website"},"primaryImageOfPage":{"@id":"https:\/\/www.proquimia.com\/ca\/gran-participacio-a-la-jornada-tecnica-nous-reptes-en-seguretat-alimentaria\/#primaryimage"},"image":{"@id":"https:\/\/www.proquimia.com\/ca\/gran-participacio-a-la-jornada-tecnica-nous-reptes-en-seguretat-alimentaria\/#primaryimage"},"thumbnailUrl":"https:\/\/www.proquimia.com\/wp-content\/uploads\/20240614_134206.jpg","datePublished":"2024-07-01T12:10:38+00:00","dateModified":"2025-12-09T11:29:09+00:00","description":"M\u00e9s de 50 professionals assisteixen a la Jornada T\u00e8cnica sobre seguretat aliment\u00e0ria i higiene a la ind\u00fastria organitzada per PROQUIMIA.","breadcrumb":{"@id":"https:\/\/www.proquimia.com\/ca\/gran-participacio-a-la-jornada-tecnica-nous-reptes-en-seguretat-alimentaria\/#breadcrumb"},"inLanguage":"ca","potentialAction":[{"@type":"ReadAction","target":["https:\/\/www.proquimia.com\/ca\/gran-participacio-a-la-jornada-tecnica-nous-reptes-en-seguretat-alimentaria\/"]}]},{"@type":"ImageObject","inLanguage":"ca","@id":"https:\/\/www.proquimia.com\/ca\/gran-participacio-a-la-jornada-tecnica-nous-reptes-en-seguretat-alimentaria\/#primaryimage","url":"https:\/\/www.proquimia.com\/wp-content\/uploads\/20240614_134206.jpg","contentUrl":"https:\/\/www.proquimia.com\/wp-content\/uploads\/20240614_134206.jpg","width":4080,"height":3060},{"@type":"BreadcrumbList","@id":"https:\/\/www.proquimia.com\/ca\/gran-participacio-a-la-jornada-tecnica-nous-reptes-en-seguretat-alimentaria\/#breadcrumb","itemListElement":[{"@type":"ListItem","position":1,"name":"Portada","item":"https:\/\/www.proquimia.com\/ca\/"},{"@type":"ListItem","position":2,"name":"Gran participaci\u00f3 a la Jornada T\u00e8cnica: Nous reptes en seguretat alimentaria"}]},{"@type":"WebSite","@id":"https:\/\/www.proquimia.com\/ca\/#website","url":"https:\/\/www.proquimia.com\/ca\/","name":"Proquimia","description":"Soluciones qu\u00edmicas y Productos de Limpieza Industrial","publisher":{"@id":"https:\/\/www.proquimia.com\/ca\/#organization"},"potentialAction":[{"@type":"SearchAction","target":{"@type":"EntryPoint","urlTemplate":"https:\/\/www.proquimia.com\/ca\/?s={search_term_string}"},"query-input":{"@type":"PropertyValueSpecification","valueRequired":true,"valueName":"search_term_string"}}],"inLanguage":"ca"},{"@type":"Organization","@id":"https:\/\/www.proquimia.com\/ca\/#organization","name":"Proquimia","url":"https:\/\/www.proquimia.com\/ca\/","logo":{"@type":"ImageObject","inLanguage":"ca","@id":"https:\/\/www.proquimia.com\/ca\/#\/schema\/logo\/image\/","url":"https:\/\/www.proquimia.com\/wp-content\/uploads\/proquimia-logo-yoast.png","contentUrl":"https:\/\/www.proquimia.com\/wp-content\/uploads\/proquimia-logo-yoast.png","width":696,"height":696,"caption":"Proquimia"},"image":{"@id":"https:\/\/www.proquimia.com\/ca\/#\/schema\/logo\/image\/"},"sameAs":["https:\/\/www.facebook.com\/proquimia","https:\/\/x.com\/proquimia71","https:\/\/www.instagram.com\/proquimia_co\/","http:\/\/www.linkedin.com\/company\/proquimia","http:\/\/www.youtube.com\/user\/proquimiavic"]},{"@type":"Person","@id":"https:\/\/www.proquimia.com\/ca\/#\/schema\/person\/7cebc098bafef2bc8e64712bacd71f44","name":"Eva Fabregas","url":"https:\/\/www.proquimia.com\/ca\/author\/efabregas\/"}]}},"authors":[{"term_id":620,"user_id":3,"is_guest":0,"slug":"efabregas","display_name":"Eva Fabregas","avatar_url":"https:\/\/secure.gravatar.com\/avatar\/04f7a4bb4094cea30f06892816d0f9376a4174b2ae19649e65203ef3473afdb6?s=96&d=mm&r=g","0":null,"1":"","2":"","3":"","4":"","5":"","6":"","7":""}],"_links":{"self":[{"href":"https:\/\/www.proquimia.com\/ca\/wp-json\/wp\/v2\/posts\/47391","targetHints":{"allow":["GET"]}}],"collection":[{"href":"https:\/\/www.proquimia.com\/ca\/wp-json\/wp\/v2\/posts"}],"about":[{"href":"https:\/\/www.proquimia.com\/ca\/wp-json\/wp\/v2\/types\/post"}],"author":[{"embeddable":true,"href":"https:\/\/www.proquimia.com\/ca\/wp-json\/wp\/v2\/users\/3"}],"replies":[{"embeddable":true,"href":"https:\/\/www.proquimia.com\/ca\/wp-json\/wp\/v2\/comments?post=47391"}],"version-history":[{"count":3,"href":"https:\/\/www.proquimia.com\/ca\/wp-json\/wp\/v2\/posts\/47391\/revisions"}],"predecessor-version":[{"id":57189,"href":"https:\/\/www.proquimia.com\/ca\/wp-json\/wp\/v2\/posts\/47391\/revisions\/57189"}],"wp:featuredmedia":[{"embeddable":true,"href":"https:\/\/www.proquimia.com\/ca\/wp-json\/wp\/v2\/media\/47400"}],"wp:attachment":[{"href":"https:\/\/www.proquimia.com\/ca\/wp-json\/wp\/v2\/media?parent=47391"}],"wp:term":[{"taxonomy":"category","embeddable":true,"href":"https:\/\/www.proquimia.com\/ca\/wp-json\/wp\/v2\/categories?post=47391"},{"taxonomy":"post_tag","embeddable":true,"href":"https:\/\/www.proquimia.com\/ca\/wp-json\/wp\/v2\/tags?post=47391"},{"taxonomy":"sector","embeddable":true,"href":"https:\/\/www.proquimia.com\/ca\/wp-json\/wp\/v2\/sector?post=47391"},{"taxonomy":"country","embeddable":true,"href":"https:\/\/www.proquimia.com\/ca\/wp-json\/wp\/v2\/country?post=47391"},{"taxonomy":"author","embeddable":true,"href":"https:\/\/www.proquimia.com\/ca\/wp-json\/wp\/v2\/ppma_author?post=47391"}],"curies":[{"name":"wp","href":"https:\/\/api.w.org\/{rel}","templated":true}]}}