{"id":34966,"date":"2018-04-20T10:25:25","date_gmt":"2018-04-20T08:25:25","guid":{"rendered":"https:\/\/www.proquimia.com\/proquimia-present-a-la-final-de-la-vii-edicio-del-concurs-cocinero-del-ano\/"},"modified":"2025-12-09T14:33:28","modified_gmt":"2025-12-09T13:33:28","slug":"proquimia-present-a-la-final-de-la-vii-edicio-del-concurs-cocinero-del-ano","status":"publish","type":"post","link":"https:\/\/www.proquimia.com\/ca\/proquimia-present-a-la-final-de-la-vii-edicio-del-concurs-cocinero-del-ano\/","title":{"rendered":"Proquimia present a la final de la VII edici\u00f3 del concurs \u2018Cocinero del A\u00f1o\u2019"},"content":{"rendered":"<ul>\n<li><strong>Coincidint amb la clausura de la Fira Alimentaria-Hostelco, s\u2019ha celebrat la final dels concursos Cocinero y Camarero del A\u00f1o, amb el patrocini de Proquimia. <\/strong><\/li>\n<li><strong>El Sr. Carles Ony\u00f3s de Plandolit, director general de Proquimia, va entregar el \u2018Premi Innovaci\u00f3\u2019 als chefs Jordi Cruz i Sebastian Frank. <\/strong><\/li>\n<\/ul>\n<p style=\"text-align: justify;\">El dijous 19 d\u2019abril, en el marc de la Fira Alimentaria-Hostelco de Barcelona, es va celebrar la final dels concursos Cocinero y Camarero del A\u00f1o amb el patrocini de Proquimia. \u00c1lvaro Salazar, chef del Restaurant Argos de Palma de Mallorca, i \u00c1ngela Marulanda del CCT Murcia van aconseguir el guard\u00f3 a la categoria de cuiner i cambrer respectivament.<img loading=\"lazy\" decoding=\"async\" class=\"wp-image-4733 size-medium alignleft\" src=\"https:\/\/www.proquimia.com\/wp-content\/uploads\/2018\/04\/IMG_1462-300x225.jpg\" alt=\"\" width=\"300\" height=\"225\" \/><\/p>\n<p style=\"text-align: justify;\">En el transcurs de la cerim\u00f2nia, el Sr. Carles Ony\u00f3s de Plandolit, director general de Proquimia, va entregar el \u2018Premi Innovaci\u00f3\u2019 als chefs Jordi Cruz i Sebastian Frank, guanyadors de la I edici\u00f3 del concurs Cocinero del A\u00f1o, en reconeixement a la seva traject\u00f2ria professional marcada per la recerca de la creativitat i innovaci\u00f3 en la cuina, valors que tamb\u00e9 formen part de la filosofia de Proquimia, reflectint-se en la forma de treballar de la companyia i entendre les necessitats dels clients.<\/p>\n","protected":false},"excerpt":{"rendered":"<p>Coincidint amb la clausura de la Fira Alimentaria-Hostelco, s\u2019ha celebrat la final dels concursos Cocinero y Camarero del A\u00f1o, amb el patrocini de Proquimia. El Sr. Carles Ony\u00f3s de Plandolit, director general de Proquimia, va entregar el \u2018Premi Innovaci\u00f3\u2019 als chefs Jordi Cruz i Sebastian Frank. El dijous 19 d\u2019abril, en el marc de la [&hellip;]<\/p>\n","protected":false},"author":2,"featured_media":34395,"comment_status":"closed","ping_status":"closed","sticky":false,"template":"","format":"standard","meta":{"_acf_changed":false,"inline_featured_image":false,"footnotes":""},"categories":[75],"tags":[],"sector":[504],"country":[267,291],"ppma_author":[622],"class_list":["post-34966","post","type-post","status-publish","format-standard","has-post-thumbnail","hentry","category-proquimia","sector-actualitat","country-andorra-ca","country-espana-ca"],"acf":[],"yoast_head":"<!-- This site is optimized with the Yoast SEO plugin v27.5 - https:\/\/yoast.com\/product\/yoast-seo-wordpress\/ -->\n<title>Proquimia a la final de &quot;Cocinero del A\u00f1o&quot;<\/title>\n<meta name=\"description\" content=\"Proquimia patrocina la final del concurs Cuiner de l\u2019Any a Alimentaria-Hostelco i entrega el Premi Innovaci\u00f3 a Jordi Cruz i Sebastian Frank.\" \/>\n<meta name=\"robots\" content=\"index, follow, max-snippet:-1, max-image-preview:large, max-video-preview:-1\" \/>\n<link rel=\"canonical\" href=\"https:\/\/www.proquimia.com\/ca\/proquimia-present-a-la-final-de-la-vii-edicio-del-concurs-cocinero-del-ano\/\" \/>\n<meta property=\"og:locale\" content=\"ca_ES\" \/>\n<meta property=\"og:type\" content=\"article\" \/>\n<meta property=\"og:title\" content=\"Proquimia a la final de &quot;Cocinero del A\u00f1o&quot;\" \/>\n<meta property=\"og:description\" content=\"Proquimia patrocina la final del concurs Cuiner de l\u2019Any a Alimentaria-Hostelco i entrega el Premi Innovaci\u00f3 a Jordi Cruz i Sebastian Frank.\" \/>\n<meta property=\"og:url\" content=\"https:\/\/www.proquimia.com\/ca\/proquimia-present-a-la-final-de-la-vii-edicio-del-concurs-cocinero-del-ano\/\" \/>\n<meta property=\"og:site_name\" content=\"Proquimia\" \/>\n<meta property=\"article:publisher\" content=\"https:\/\/www.facebook.com\/proquimia\" \/>\n<meta property=\"article:published_time\" content=\"2018-04-20T08:25:25+00:00\" \/>\n<meta property=\"article:modified_time\" content=\"2025-12-09T13:33:28+00:00\" \/>\n<meta property=\"og:image\" content=\"https:\/\/www.proquimia.com\/wp-content\/uploads\/2022\/04\/IMG_1462-scaled.jpg\" \/>\n\t<meta property=\"og:image:width\" content=\"2560\" \/>\n\t<meta property=\"og:image:height\" content=\"1920\" \/>\n\t<meta property=\"og:image:type\" content=\"image\/jpeg\" \/>\n<meta name=\"author\" content=\"Proquimia\" \/>\n<meta name=\"twitter:card\" content=\"summary_large_image\" \/>\n<meta name=\"twitter:creator\" content=\"@proquimia71\" \/>\n<meta name=\"twitter:site\" content=\"@proquimia71\" \/>\n<meta name=\"twitter:label1\" content=\"Escrit per\" \/>\n\t<meta name=\"twitter:data1\" content=\"Proquimia\" \/>\n\t<meta name=\"twitter:label2\" content=\"Temps estimat de lectura\" \/>\n\t<meta name=\"twitter:data2\" content=\"2 minuts\" \/>\n<script type=\"application\/ld+json\" class=\"yoast-schema-graph\">{\"@context\":\"https:\\\/\\\/schema.org\",\"@graph\":[{\"@type\":\"Article\",\"@id\":\"https:\\\/\\\/www.proquimia.com\\\/ca\\\/proquimia-present-a-la-final-de-la-vii-edicio-del-concurs-cocinero-del-ano\\\/#article\",\"isPartOf\":{\"@id\":\"https:\\\/\\\/www.proquimia.com\\\/ca\\\/proquimia-present-a-la-final-de-la-vii-edicio-del-concurs-cocinero-del-ano\\\/\"},\"author\":{\"name\":\"Proquimia\",\"@id\":\"https:\\\/\\\/www.proquimia.com\\\/ca\\\/#\\\/schema\\\/person\\\/d7adcc500b852dda472d16dbca9d4ae1\"},\"headline\":\"Proquimia present a la final de la VII edici\u00f3 del concurs \u2018Cocinero del A\u00f1o\u2019\",\"datePublished\":\"2018-04-20T08:25:25+00:00\",\"dateModified\":\"2025-12-09T13:33:28+00:00\",\"mainEntityOfPage\":{\"@id\":\"https:\\\/\\\/www.proquimia.com\\\/ca\\\/proquimia-present-a-la-final-de-la-vii-edicio-del-concurs-cocinero-del-ano\\\/\"},\"wordCount\":209,\"publisher\":{\"@id\":\"https:\\\/\\\/www.proquimia.com\\\/ca\\\/#organization\"},\"image\":{\"@id\":\"https:\\\/\\\/www.proquimia.com\\\/ca\\\/proquimia-present-a-la-final-de-la-vii-edicio-del-concurs-cocinero-del-ano\\\/#primaryimage\"},\"thumbnailUrl\":\"https:\\\/\\\/www.proquimia.com\\\/wp-content\\\/uploads\\\/2022\\\/04\\\/IMG_1462-scaled.jpg\",\"articleSection\":[\"Proquimia\"],\"inLanguage\":\"ca\"},{\"@type\":\"WebPage\",\"@id\":\"https:\\\/\\\/www.proquimia.com\\\/ca\\\/proquimia-present-a-la-final-de-la-vii-edicio-del-concurs-cocinero-del-ano\\\/\",\"url\":\"https:\\\/\\\/www.proquimia.com\\\/ca\\\/proquimia-present-a-la-final-de-la-vii-edicio-del-concurs-cocinero-del-ano\\\/\",\"name\":\"Proquimia a la final de \\\"Cocinero del A\u00f1o\\\"\",\"isPartOf\":{\"@id\":\"https:\\\/\\\/www.proquimia.com\\\/ca\\\/#website\"},\"primaryImageOfPage\":{\"@id\":\"https:\\\/\\\/www.proquimia.com\\\/ca\\\/proquimia-present-a-la-final-de-la-vii-edicio-del-concurs-cocinero-del-ano\\\/#primaryimage\"},\"image\":{\"@id\":\"https:\\\/\\\/www.proquimia.com\\\/ca\\\/proquimia-present-a-la-final-de-la-vii-edicio-del-concurs-cocinero-del-ano\\\/#primaryimage\"},\"thumbnailUrl\":\"https:\\\/\\\/www.proquimia.com\\\/wp-content\\\/uploads\\\/2022\\\/04\\\/IMG_1462-scaled.jpg\",\"datePublished\":\"2018-04-20T08:25:25+00:00\",\"dateModified\":\"2025-12-09T13:33:28+00:00\",\"description\":\"Proquimia patrocina la final del concurs Cuiner de l\u2019Any a Alimentaria-Hostelco i entrega el Premi Innovaci\u00f3 a Jordi Cruz i Sebastian Frank.\",\"breadcrumb\":{\"@id\":\"https:\\\/\\\/www.proquimia.com\\\/ca\\\/proquimia-present-a-la-final-de-la-vii-edicio-del-concurs-cocinero-del-ano\\\/#breadcrumb\"},\"inLanguage\":\"ca\",\"potentialAction\":[{\"@type\":\"ReadAction\",\"target\":[\"https:\\\/\\\/www.proquimia.com\\\/ca\\\/proquimia-present-a-la-final-de-la-vii-edicio-del-concurs-cocinero-del-ano\\\/\"]}]},{\"@type\":\"ImageObject\",\"inLanguage\":\"ca\",\"@id\":\"https:\\\/\\\/www.proquimia.com\\\/ca\\\/proquimia-present-a-la-final-de-la-vii-edicio-del-concurs-cocinero-del-ano\\\/#primaryimage\",\"url\":\"https:\\\/\\\/www.proquimia.com\\\/wp-content\\\/uploads\\\/2022\\\/04\\\/IMG_1462-scaled.jpg\",\"contentUrl\":\"https:\\\/\\\/www.proquimia.com\\\/wp-content\\\/uploads\\\/2022\\\/04\\\/IMG_1462-scaled.jpg\",\"width\":2560,\"height\":1920},{\"@type\":\"BreadcrumbList\",\"@id\":\"https:\\\/\\\/www.proquimia.com\\\/ca\\\/proquimia-present-a-la-final-de-la-vii-edicio-del-concurs-cocinero-del-ano\\\/#breadcrumb\",\"itemListElement\":[{\"@type\":\"ListItem\",\"position\":1,\"name\":\"Portada\",\"item\":\"https:\\\/\\\/www.proquimia.com\\\/ca\\\/\"},{\"@type\":\"ListItem\",\"position\":2,\"name\":\"Proquimia present a la final de la VII edici\u00f3 del concurs \u2018Cocinero del A\u00f1o\u2019\"}]},{\"@type\":\"WebSite\",\"@id\":\"https:\\\/\\\/www.proquimia.com\\\/ca\\\/#website\",\"url\":\"https:\\\/\\\/www.proquimia.com\\\/ca\\\/\",\"name\":\"Proquimia\",\"description\":\"Soluciones qu\u00edmicas y Productos de Limpieza Industrial\",\"publisher\":{\"@id\":\"https:\\\/\\\/www.proquimia.com\\\/ca\\\/#organization\"},\"potentialAction\":[{\"@type\":\"SearchAction\",\"target\":{\"@type\":\"EntryPoint\",\"urlTemplate\":\"https:\\\/\\\/www.proquimia.com\\\/ca\\\/?s={search_term_string}\"},\"query-input\":{\"@type\":\"PropertyValueSpecification\",\"valueRequired\":true,\"valueName\":\"search_term_string\"}}],\"inLanguage\":\"ca\"},{\"@type\":\"Organization\",\"@id\":\"https:\\\/\\\/www.proquimia.com\\\/ca\\\/#organization\",\"name\":\"Proquimia\",\"url\":\"https:\\\/\\\/www.proquimia.com\\\/ca\\\/\",\"logo\":{\"@type\":\"ImageObject\",\"inLanguage\":\"ca\",\"@id\":\"https:\\\/\\\/www.proquimia.com\\\/ca\\\/#\\\/schema\\\/logo\\\/image\\\/\",\"url\":\"https:\\\/\\\/www.proquimia.com\\\/wp-content\\\/uploads\\\/proquimia-logo-yoast.png\",\"contentUrl\":\"https:\\\/\\\/www.proquimia.com\\\/wp-content\\\/uploads\\\/proquimia-logo-yoast.png\",\"width\":696,\"height\":696,\"caption\":\"Proquimia\"},\"image\":{\"@id\":\"https:\\\/\\\/www.proquimia.com\\\/ca\\\/#\\\/schema\\\/logo\\\/image\\\/\"},\"sameAs\":[\"https:\\\/\\\/www.facebook.com\\\/proquimia\",\"https:\\\/\\\/x.com\\\/proquimia71\",\"https:\\\/\\\/www.instagram.com\\\/proquimia_co\\\/\",\"http:\\\/\\\/www.linkedin.com\\\/company\\\/proquimia\",\"http:\\\/\\\/www.youtube.com\\\/user\\\/proquimiavic\"]},{\"@type\":\"Person\",\"@id\":\"https:\\\/\\\/www.proquimia.com\\\/ca\\\/#\\\/schema\\\/person\\\/d7adcc500b852dda472d16dbca9d4ae1\",\"name\":\"Proquimia\",\"url\":\"https:\\\/\\\/www.proquimia.com\\\/ca\\\/author\\\/proquimia\\\/\"}]}<\/script>\n<!-- \/ Yoast SEO plugin. -->","yoast_head_json":{"title":"Proquimia a la final de \"Cocinero del A\u00f1o\"","description":"Proquimia patrocina la final del concurs Cuiner de l\u2019Any a Alimentaria-Hostelco i entrega el Premi Innovaci\u00f3 a Jordi Cruz i Sebastian Frank.","robots":{"index":"index","follow":"follow","max-snippet":"max-snippet:-1","max-image-preview":"max-image-preview:large","max-video-preview":"max-video-preview:-1"},"canonical":"https:\/\/www.proquimia.com\/ca\/proquimia-present-a-la-final-de-la-vii-edicio-del-concurs-cocinero-del-ano\/","og_locale":"ca_ES","og_type":"article","og_title":"Proquimia a la final de \"Cocinero del A\u00f1o\"","og_description":"Proquimia patrocina la final del concurs Cuiner de l\u2019Any a Alimentaria-Hostelco i entrega el Premi Innovaci\u00f3 a Jordi Cruz i Sebastian Frank.","og_url":"https:\/\/www.proquimia.com\/ca\/proquimia-present-a-la-final-de-la-vii-edicio-del-concurs-cocinero-del-ano\/","og_site_name":"Proquimia","article_publisher":"https:\/\/www.facebook.com\/proquimia","article_published_time":"2018-04-20T08:25:25+00:00","article_modified_time":"2025-12-09T13:33:28+00:00","og_image":[{"width":2560,"height":1920,"url":"https:\/\/www.proquimia.com\/wp-content\/uploads\/2022\/04\/IMG_1462-scaled.jpg","type":"image\/jpeg"}],"author":"Proquimia","twitter_card":"summary_large_image","twitter_creator":"@proquimia71","twitter_site":"@proquimia71","twitter_misc":{"Escrit per":"Proquimia","Temps estimat de lectura":"2 minuts"},"schema":{"@context":"https:\/\/schema.org","@graph":[{"@type":"Article","@id":"https:\/\/www.proquimia.com\/ca\/proquimia-present-a-la-final-de-la-vii-edicio-del-concurs-cocinero-del-ano\/#article","isPartOf":{"@id":"https:\/\/www.proquimia.com\/ca\/proquimia-present-a-la-final-de-la-vii-edicio-del-concurs-cocinero-del-ano\/"},"author":{"name":"Proquimia","@id":"https:\/\/www.proquimia.com\/ca\/#\/schema\/person\/d7adcc500b852dda472d16dbca9d4ae1"},"headline":"Proquimia present a la final de la VII edici\u00f3 del concurs \u2018Cocinero del A\u00f1o\u2019","datePublished":"2018-04-20T08:25:25+00:00","dateModified":"2025-12-09T13:33:28+00:00","mainEntityOfPage":{"@id":"https:\/\/www.proquimia.com\/ca\/proquimia-present-a-la-final-de-la-vii-edicio-del-concurs-cocinero-del-ano\/"},"wordCount":209,"publisher":{"@id":"https:\/\/www.proquimia.com\/ca\/#organization"},"image":{"@id":"https:\/\/www.proquimia.com\/ca\/proquimia-present-a-la-final-de-la-vii-edicio-del-concurs-cocinero-del-ano\/#primaryimage"},"thumbnailUrl":"https:\/\/www.proquimia.com\/wp-content\/uploads\/2022\/04\/IMG_1462-scaled.jpg","articleSection":["Proquimia"],"inLanguage":"ca"},{"@type":"WebPage","@id":"https:\/\/www.proquimia.com\/ca\/proquimia-present-a-la-final-de-la-vii-edicio-del-concurs-cocinero-del-ano\/","url":"https:\/\/www.proquimia.com\/ca\/proquimia-present-a-la-final-de-la-vii-edicio-del-concurs-cocinero-del-ano\/","name":"Proquimia a la final de \"Cocinero del A\u00f1o\"","isPartOf":{"@id":"https:\/\/www.proquimia.com\/ca\/#website"},"primaryImageOfPage":{"@id":"https:\/\/www.proquimia.com\/ca\/proquimia-present-a-la-final-de-la-vii-edicio-del-concurs-cocinero-del-ano\/#primaryimage"},"image":{"@id":"https:\/\/www.proquimia.com\/ca\/proquimia-present-a-la-final-de-la-vii-edicio-del-concurs-cocinero-del-ano\/#primaryimage"},"thumbnailUrl":"https:\/\/www.proquimia.com\/wp-content\/uploads\/2022\/04\/IMG_1462-scaled.jpg","datePublished":"2018-04-20T08:25:25+00:00","dateModified":"2025-12-09T13:33:28+00:00","description":"Proquimia patrocina la final del concurs Cuiner de l\u2019Any a Alimentaria-Hostelco i entrega el Premi Innovaci\u00f3 a Jordi Cruz i Sebastian Frank.","breadcrumb":{"@id":"https:\/\/www.proquimia.com\/ca\/proquimia-present-a-la-final-de-la-vii-edicio-del-concurs-cocinero-del-ano\/#breadcrumb"},"inLanguage":"ca","potentialAction":[{"@type":"ReadAction","target":["https:\/\/www.proquimia.com\/ca\/proquimia-present-a-la-final-de-la-vii-edicio-del-concurs-cocinero-del-ano\/"]}]},{"@type":"ImageObject","inLanguage":"ca","@id":"https:\/\/www.proquimia.com\/ca\/proquimia-present-a-la-final-de-la-vii-edicio-del-concurs-cocinero-del-ano\/#primaryimage","url":"https:\/\/www.proquimia.com\/wp-content\/uploads\/2022\/04\/IMG_1462-scaled.jpg","contentUrl":"https:\/\/www.proquimia.com\/wp-content\/uploads\/2022\/04\/IMG_1462-scaled.jpg","width":2560,"height":1920},{"@type":"BreadcrumbList","@id":"https:\/\/www.proquimia.com\/ca\/proquimia-present-a-la-final-de-la-vii-edicio-del-concurs-cocinero-del-ano\/#breadcrumb","itemListElement":[{"@type":"ListItem","position":1,"name":"Portada","item":"https:\/\/www.proquimia.com\/ca\/"},{"@type":"ListItem","position":2,"name":"Proquimia present a la final de la VII edici\u00f3 del concurs \u2018Cocinero del A\u00f1o\u2019"}]},{"@type":"WebSite","@id":"https:\/\/www.proquimia.com\/ca\/#website","url":"https:\/\/www.proquimia.com\/ca\/","name":"Proquimia","description":"Soluciones qu\u00edmicas y Productos de Limpieza Industrial","publisher":{"@id":"https:\/\/www.proquimia.com\/ca\/#organization"},"potentialAction":[{"@type":"SearchAction","target":{"@type":"EntryPoint","urlTemplate":"https:\/\/www.proquimia.com\/ca\/?s={search_term_string}"},"query-input":{"@type":"PropertyValueSpecification","valueRequired":true,"valueName":"search_term_string"}}],"inLanguage":"ca"},{"@type":"Organization","@id":"https:\/\/www.proquimia.com\/ca\/#organization","name":"Proquimia","url":"https:\/\/www.proquimia.com\/ca\/","logo":{"@type":"ImageObject","inLanguage":"ca","@id":"https:\/\/www.proquimia.com\/ca\/#\/schema\/logo\/image\/","url":"https:\/\/www.proquimia.com\/wp-content\/uploads\/proquimia-logo-yoast.png","contentUrl":"https:\/\/www.proquimia.com\/wp-content\/uploads\/proquimia-logo-yoast.png","width":696,"height":696,"caption":"Proquimia"},"image":{"@id":"https:\/\/www.proquimia.com\/ca\/#\/schema\/logo\/image\/"},"sameAs":["https:\/\/www.facebook.com\/proquimia","https:\/\/x.com\/proquimia71","https:\/\/www.instagram.com\/proquimia_co\/","http:\/\/www.linkedin.com\/company\/proquimia","http:\/\/www.youtube.com\/user\/proquimiavic"]},{"@type":"Person","@id":"https:\/\/www.proquimia.com\/ca\/#\/schema\/person\/d7adcc500b852dda472d16dbca9d4ae1","name":"Proquimia","url":"https:\/\/www.proquimia.com\/ca\/author\/proquimia\/"}]}},"authors":[{"term_id":622,"user_id":2,"is_guest":0,"slug":"proquimia","display_name":"Proquimia","avatar_url":"https:\/\/secure.gravatar.com\/avatar\/21d466d625cf87ba3e07ff535bc203272340b35849b3ded8cdc2dfbb7ab18009?s=96&d=mm&r=g","0":null,"1":"","2":"","3":"","4":"","5":"","6":"","7":""}],"_links":{"self":[{"href":"https:\/\/www.proquimia.com\/ca\/wp-json\/wp\/v2\/posts\/34966","targetHints":{"allow":["GET"]}}],"collection":[{"href":"https:\/\/www.proquimia.com\/ca\/wp-json\/wp\/v2\/posts"}],"about":[{"href":"https:\/\/www.proquimia.com\/ca\/wp-json\/wp\/v2\/types\/post"}],"author":[{"embeddable":true,"href":"https:\/\/www.proquimia.com\/ca\/wp-json\/wp\/v2\/users\/2"}],"replies":[{"embeddable":true,"href":"https:\/\/www.proquimia.com\/ca\/wp-json\/wp\/v2\/comments?post=34966"}],"version-history":[{"count":2,"href":"https:\/\/www.proquimia.com\/ca\/wp-json\/wp\/v2\/posts\/34966\/revisions"}],"predecessor-version":[{"id":51668,"href":"https:\/\/www.proquimia.com\/ca\/wp-json\/wp\/v2\/posts\/34966\/revisions\/51668"}],"wp:featuredmedia":[{"embeddable":true,"href":"https:\/\/www.proquimia.com\/ca\/wp-json\/wp\/v2\/media\/34395"}],"wp:attachment":[{"href":"https:\/\/www.proquimia.com\/ca\/wp-json\/wp\/v2\/media?parent=34966"}],"wp:term":[{"taxonomy":"category","embeddable":true,"href":"https:\/\/www.proquimia.com\/ca\/wp-json\/wp\/v2\/categories?post=34966"},{"taxonomy":"post_tag","embeddable":true,"href":"https:\/\/www.proquimia.com\/ca\/wp-json\/wp\/v2\/tags?post=34966"},{"taxonomy":"sector","embeddable":true,"href":"https:\/\/www.proquimia.com\/ca\/wp-json\/wp\/v2\/sector?post=34966"},{"taxonomy":"country","embeddable":true,"href":"https:\/\/www.proquimia.com\/ca\/wp-json\/wp\/v2\/country?post=34966"},{"taxonomy":"author","embeddable":true,"href":"https:\/\/www.proquimia.com\/ca\/wp-json\/wp\/v2\/ppma_author?post=34966"}],"curies":[{"name":"wp","href":"https:\/\/api.w.org\/{rel}","templated":true}]}}