{"id":34950,"date":"2014-11-13T11:00:27","date_gmt":"2014-11-13T10:00:27","guid":{"rendered":"https:\/\/www.proquimia.com\/proquimia-rep-de-la-ma-de-la-cambra-de-comerc-el-premi-a-la-responsabilitat-social-corporativa\/"},"modified":"2025-12-09T14:57:56","modified_gmt":"2025-12-09T13:57:56","slug":"proquimia-rep-de-la-ma-de-la-cambra-de-comerc-el-premi-a-la-responsabilitat-social-corporativa","status":"publish","type":"post","link":"https:\/\/www.proquimia.com\/ca\/proquimia-rep-de-la-ma-de-la-cambra-de-comerc-el-premi-a-la-responsabilitat-social-corporativa\/","title":{"rendered":"Proquimia rep de la m\u00e0 de la Cambra de Comer\u00e7 el premi a la responsabilitat social corporativa"},"content":{"rendered":"<p><img loading=\"lazy\" decoding=\"async\" class=\"size-medium wp-image-5640 alignright\" title=\"IMG_3360\" src=\"https:\/\/www.proquimia.com\/wp-content\/uploads\/2014\/11\/IMG_3360-300x275.jpg\" alt=\"\" width=\"300\" height=\"275\" \/><\/p>\n<ul>\n<li><strong>Proquimia ha estat escollida per la seva traject\u00f2ria emprenedora en el desenvolupament i recerca de projectes dirigits a reduir\u00a0 l\u2019impacte ecol\u00f2gic.<\/strong><\/li>\n<li><strong>La mem\u00f2ria de sostenibilitat de Proquimia, eina clau per a l\u2019obtenci\u00f3 d\u2019aquesta distinci\u00f3.<\/strong><\/li>\n<\/ul>\n<p>La Delegaci\u00f3 d\u2019Osona de la Cambra de Comer\u00e7 de Barcelona lliura, en el marc del Dia de la Cambra a Osona, els premis Cambra en diferents \u00e0mbits.<\/p>\n<p>Proquima \u00e9s guardonada amb el Premi a la Responsabilitat Social Corporativa.<\/p>\n<p>En la concessi\u00f3 del premi es reconeix especialment la tasca d&#8217;innovaci\u00f3 realitzada a trav\u00e9s de projectes de desenvolupament dirigits a reduir la perillositat i l\u2019impacte ecol\u00f2gic dels productes de l\u2019empresa, duts a terme en estreta col\u2022laboraci\u00f3 amb universitats i centres tecnol\u00f2gics.<\/p>\n<p>Aquests projectes s\u2019han tradu\u00eft en millores significatives ens els envasos, els sistemes de dosificaci\u00f3 i en la composici\u00f3 dels productes, desenvolupant productes amb distintiu Ecolabel i amb un valor baix de petjada de carboni. Exemples concrets s\u00f3n la recerca d\u2019alternatives a l\u2019\u00fas dels fosfats, crom i clorur de metil\u00e8 en processos de tractament de superf\u00edcies met\u00e0l\u2022liques, la substituci\u00f3 de l\u2019agent complexant NTA en detergents per altres ingredients de millor perfil ecotoxicol\u00f2gic, o l\u2019\u00fas de tecnologia enzim\u00e0tica per al rentat t\u00e8xtil a baixa temperatura.<\/p>\n","protected":false},"excerpt":{"rendered":"<p>Proquimia ha estat escollida per la seva traject\u00f2ria emprenedora en el desenvolupament i recerca de projectes dirigits a reduir\u00a0 l\u2019impacte ecol\u00f2gic. La mem\u00f2ria de sostenibilitat de Proquimia, eina clau per a l\u2019obtenci\u00f3 d\u2019aquesta distinci\u00f3. La Delegaci\u00f3 d\u2019Osona de la Cambra de Comer\u00e7 de Barcelona lliura, en el marc del Dia de la Cambra a Osona, [&hellip;]<\/p>\n","protected":false},"author":2,"featured_media":0,"comment_status":"closed","ping_status":"closed","sticky":false,"template":"","format":"standard","meta":{"_acf_changed":false,"inline_featured_image":false,"footnotes":""},"categories":[75],"tags":[],"sector":[504],"country":[267,271,275,279,283,287,291,295,299,303,307,311,315,319,323,263],"ppma_author":[622],"class_list":["post-34950","post","type-post","status-publish","format-standard","hentry","category-proquimia","sector-actualitat","country-andorra-ca","country-brazil-ca","country-chile-ca","country-colombia-ca","country-costa-rica-ca","country-cuba-ca","country-espana-ca","country-france-ca","country-mexico-ca","country-morocco-ca","country-panama-ca","country-portugal-ca","country-republica-dominicana-ca","country-tunisia-ca","country-venezuela-ca","country-algeria-ca"],"acf":[],"yoast_head":"<!-- This site is optimized with the Yoast SEO plugin v27.5 - https:\/\/yoast.com\/product\/yoast-seo-wordpress\/ -->\n<title>Proquimia rep el premi de RSC<\/title>\n<meta name=\"description\" content=\"Proquimia rep el Premi Responsabilitat Social Proquimia per la seva innovaci\u00f3 i comprom\u00eds amb la sostenibilitat mediambiental.\" \/>\n<meta name=\"robots\" content=\"index, follow, max-snippet:-1, max-image-preview:large, max-video-preview:-1\" \/>\n<link rel=\"canonical\" href=\"https:\/\/www.proquimia.com\/ca\/proquimia-rep-de-la-ma-de-la-cambra-de-comerc-el-premi-a-la-responsabilitat-social-corporativa\/\" \/>\n<meta property=\"og:locale\" content=\"ca_ES\" \/>\n<meta property=\"og:type\" content=\"article\" \/>\n<meta property=\"og:title\" content=\"Proquimia rep el premi de RSC\" \/>\n<meta property=\"og:description\" content=\"Proquimia rep el Premi Responsabilitat Social Proquimia per la seva innovaci\u00f3 i comprom\u00eds amb la sostenibilitat mediambiental.\" \/>\n<meta property=\"og:url\" content=\"https:\/\/www.proquimia.com\/ca\/proquimia-rep-de-la-ma-de-la-cambra-de-comerc-el-premi-a-la-responsabilitat-social-corporativa\/\" \/>\n<meta property=\"og:site_name\" content=\"Proquimia\" \/>\n<meta property=\"article:publisher\" content=\"https:\/\/www.facebook.com\/proquimia\" \/>\n<meta property=\"article:published_time\" content=\"2014-11-13T10:00:27+00:00\" \/>\n<meta property=\"article:modified_time\" content=\"2025-12-09T13:57:56+00:00\" \/>\n<meta name=\"author\" content=\"Proquimia\" \/>\n<meta name=\"twitter:card\" content=\"summary_large_image\" \/>\n<meta name=\"twitter:creator\" content=\"@proquimia71\" \/>\n<meta name=\"twitter:site\" content=\"@proquimia71\" \/>\n<meta name=\"twitter:label1\" content=\"Escrit per\" \/>\n\t<meta name=\"twitter:data1\" content=\"Proquimia\" \/>\n\t<meta name=\"twitter:label2\" content=\"Temps estimat de lectura\" \/>\n\t<meta name=\"twitter:data2\" content=\"2 minuts\" \/>\n<script type=\"application\/ld+json\" class=\"yoast-schema-graph\">{\"@context\":\"https:\\\/\\\/schema.org\",\"@graph\":[{\"@type\":\"Article\",\"@id\":\"https:\\\/\\\/www.proquimia.com\\\/ca\\\/proquimia-rep-de-la-ma-de-la-cambra-de-comerc-el-premi-a-la-responsabilitat-social-corporativa\\\/#article\",\"isPartOf\":{\"@id\":\"https:\\\/\\\/www.proquimia.com\\\/ca\\\/proquimia-rep-de-la-ma-de-la-cambra-de-comerc-el-premi-a-la-responsabilitat-social-corporativa\\\/\"},\"author\":{\"name\":\"Proquimia\",\"@id\":\"https:\\\/\\\/www.proquimia.com\\\/ca\\\/#\\\/schema\\\/person\\\/d7adcc500b852dda472d16dbca9d4ae1\"},\"headline\":\"Proquimia rep de la m\u00e0 de la Cambra de Comer\u00e7 el premi a la responsabilitat social corporativa\",\"datePublished\":\"2014-11-13T10:00:27+00:00\",\"dateModified\":\"2025-12-09T13:57:56+00:00\",\"mainEntityOfPage\":{\"@id\":\"https:\\\/\\\/www.proquimia.com\\\/ca\\\/proquimia-rep-de-la-ma-de-la-cambra-de-comerc-el-premi-a-la-responsabilitat-social-corporativa\\\/\"},\"wordCount\":240,\"publisher\":{\"@id\":\"https:\\\/\\\/www.proquimia.com\\\/ca\\\/#organization\"},\"image\":{\"@id\":\"https:\\\/\\\/www.proquimia.com\\\/ca\\\/proquimia-rep-de-la-ma-de-la-cambra-de-comerc-el-premi-a-la-responsabilitat-social-corporativa\\\/#primaryimage\"},\"thumbnailUrl\":\"https:\\\/\\\/www.proquimia.com\\\/wp-content\\\/uploads\\\/2014\\\/11\\\/IMG_3360-300x275.jpg\",\"articleSection\":[\"Proquimia\"],\"inLanguage\":\"ca\"},{\"@type\":\"WebPage\",\"@id\":\"https:\\\/\\\/www.proquimia.com\\\/ca\\\/proquimia-rep-de-la-ma-de-la-cambra-de-comerc-el-premi-a-la-responsabilitat-social-corporativa\\\/\",\"url\":\"https:\\\/\\\/www.proquimia.com\\\/ca\\\/proquimia-rep-de-la-ma-de-la-cambra-de-comerc-el-premi-a-la-responsabilitat-social-corporativa\\\/\",\"name\":\"Proquimia rep el premi de RSC\",\"isPartOf\":{\"@id\":\"https:\\\/\\\/www.proquimia.com\\\/ca\\\/#website\"},\"primaryImageOfPage\":{\"@id\":\"https:\\\/\\\/www.proquimia.com\\\/ca\\\/proquimia-rep-de-la-ma-de-la-cambra-de-comerc-el-premi-a-la-responsabilitat-social-corporativa\\\/#primaryimage\"},\"image\":{\"@id\":\"https:\\\/\\\/www.proquimia.com\\\/ca\\\/proquimia-rep-de-la-ma-de-la-cambra-de-comerc-el-premi-a-la-responsabilitat-social-corporativa\\\/#primaryimage\"},\"thumbnailUrl\":\"https:\\\/\\\/www.proquimia.com\\\/wp-content\\\/uploads\\\/2014\\\/11\\\/IMG_3360-300x275.jpg\",\"datePublished\":\"2014-11-13T10:00:27+00:00\",\"dateModified\":\"2025-12-09T13:57:56+00:00\",\"description\":\"Proquimia rep el Premi Responsabilitat Social Proquimia per la seva innovaci\u00f3 i comprom\u00eds amb la sostenibilitat mediambiental.\",\"breadcrumb\":{\"@id\":\"https:\\\/\\\/www.proquimia.com\\\/ca\\\/proquimia-rep-de-la-ma-de-la-cambra-de-comerc-el-premi-a-la-responsabilitat-social-corporativa\\\/#breadcrumb\"},\"inLanguage\":\"ca\",\"potentialAction\":[{\"@type\":\"ReadAction\",\"target\":[\"https:\\\/\\\/www.proquimia.com\\\/ca\\\/proquimia-rep-de-la-ma-de-la-cambra-de-comerc-el-premi-a-la-responsabilitat-social-corporativa\\\/\"]}]},{\"@type\":\"ImageObject\",\"inLanguage\":\"ca\",\"@id\":\"https:\\\/\\\/www.proquimia.com\\\/ca\\\/proquimia-rep-de-la-ma-de-la-cambra-de-comerc-el-premi-a-la-responsabilitat-social-corporativa\\\/#primaryimage\",\"url\":\"https:\\\/\\\/www.proquimia.com\\\/wp-content\\\/uploads\\\/2014\\\/11\\\/IMG_3360-300x275.jpg\",\"contentUrl\":\"https:\\\/\\\/www.proquimia.com\\\/wp-content\\\/uploads\\\/2014\\\/11\\\/IMG_3360-300x275.jpg\"},{\"@type\":\"BreadcrumbList\",\"@id\":\"https:\\\/\\\/www.proquimia.com\\\/ca\\\/proquimia-rep-de-la-ma-de-la-cambra-de-comerc-el-premi-a-la-responsabilitat-social-corporativa\\\/#breadcrumb\",\"itemListElement\":[{\"@type\":\"ListItem\",\"position\":1,\"name\":\"Portada\",\"item\":\"https:\\\/\\\/www.proquimia.com\\\/ca\\\/\"},{\"@type\":\"ListItem\",\"position\":2,\"name\":\"Proquimia rep de la m\u00e0 de la Cambra de Comer\u00e7 el premi a la responsabilitat social corporativa\"}]},{\"@type\":\"WebSite\",\"@id\":\"https:\\\/\\\/www.proquimia.com\\\/ca\\\/#website\",\"url\":\"https:\\\/\\\/www.proquimia.com\\\/ca\\\/\",\"name\":\"Proquimia\",\"description\":\"Soluciones qu\u00edmicas y Productos de Limpieza Industrial\",\"publisher\":{\"@id\":\"https:\\\/\\\/www.proquimia.com\\\/ca\\\/#organization\"},\"potentialAction\":[{\"@type\":\"SearchAction\",\"target\":{\"@type\":\"EntryPoint\",\"urlTemplate\":\"https:\\\/\\\/www.proquimia.com\\\/ca\\\/?s={search_term_string}\"},\"query-input\":{\"@type\":\"PropertyValueSpecification\",\"valueRequired\":true,\"valueName\":\"search_term_string\"}}],\"inLanguage\":\"ca\"},{\"@type\":\"Organization\",\"@id\":\"https:\\\/\\\/www.proquimia.com\\\/ca\\\/#organization\",\"name\":\"Proquimia\",\"url\":\"https:\\\/\\\/www.proquimia.com\\\/ca\\\/\",\"logo\":{\"@type\":\"ImageObject\",\"inLanguage\":\"ca\",\"@id\":\"https:\\\/\\\/www.proquimia.com\\\/ca\\\/#\\\/schema\\\/logo\\\/image\\\/\",\"url\":\"https:\\\/\\\/www.proquimia.com\\\/wp-content\\\/uploads\\\/proquimia-logo-yoast.png\",\"contentUrl\":\"https:\\\/\\\/www.proquimia.com\\\/wp-content\\\/uploads\\\/proquimia-logo-yoast.png\",\"width\":696,\"height\":696,\"caption\":\"Proquimia\"},\"image\":{\"@id\":\"https:\\\/\\\/www.proquimia.com\\\/ca\\\/#\\\/schema\\\/logo\\\/image\\\/\"},\"sameAs\":[\"https:\\\/\\\/www.facebook.com\\\/proquimia\",\"https:\\\/\\\/x.com\\\/proquimia71\",\"https:\\\/\\\/www.instagram.com\\\/proquimia_co\\\/\",\"http:\\\/\\\/www.linkedin.com\\\/company\\\/proquimia\",\"http:\\\/\\\/www.youtube.com\\\/user\\\/proquimiavic\"]},{\"@type\":\"Person\",\"@id\":\"https:\\\/\\\/www.proquimia.com\\\/ca\\\/#\\\/schema\\\/person\\\/d7adcc500b852dda472d16dbca9d4ae1\",\"name\":\"Proquimia\",\"url\":\"https:\\\/\\\/www.proquimia.com\\\/ca\\\/author\\\/proquimia\\\/\"}]}<\/script>\n<!-- \/ Yoast SEO plugin. -->","yoast_head_json":{"title":"Proquimia rep el premi de RSC","description":"Proquimia rep el Premi Responsabilitat Social Proquimia per la seva innovaci\u00f3 i comprom\u00eds amb la sostenibilitat mediambiental.","robots":{"index":"index","follow":"follow","max-snippet":"max-snippet:-1","max-image-preview":"max-image-preview:large","max-video-preview":"max-video-preview:-1"},"canonical":"https:\/\/www.proquimia.com\/ca\/proquimia-rep-de-la-ma-de-la-cambra-de-comerc-el-premi-a-la-responsabilitat-social-corporativa\/","og_locale":"ca_ES","og_type":"article","og_title":"Proquimia rep el premi de RSC","og_description":"Proquimia rep el Premi Responsabilitat Social Proquimia per la seva innovaci\u00f3 i comprom\u00eds amb la sostenibilitat mediambiental.","og_url":"https:\/\/www.proquimia.com\/ca\/proquimia-rep-de-la-ma-de-la-cambra-de-comerc-el-premi-a-la-responsabilitat-social-corporativa\/","og_site_name":"Proquimia","article_publisher":"https:\/\/www.facebook.com\/proquimia","article_published_time":"2014-11-13T10:00:27+00:00","article_modified_time":"2025-12-09T13:57:56+00:00","author":"Proquimia","twitter_card":"summary_large_image","twitter_creator":"@proquimia71","twitter_site":"@proquimia71","twitter_misc":{"Escrit per":"Proquimia","Temps estimat de lectura":"2 minuts"},"schema":{"@context":"https:\/\/schema.org","@graph":[{"@type":"Article","@id":"https:\/\/www.proquimia.com\/ca\/proquimia-rep-de-la-ma-de-la-cambra-de-comerc-el-premi-a-la-responsabilitat-social-corporativa\/#article","isPartOf":{"@id":"https:\/\/www.proquimia.com\/ca\/proquimia-rep-de-la-ma-de-la-cambra-de-comerc-el-premi-a-la-responsabilitat-social-corporativa\/"},"author":{"name":"Proquimia","@id":"https:\/\/www.proquimia.com\/ca\/#\/schema\/person\/d7adcc500b852dda472d16dbca9d4ae1"},"headline":"Proquimia rep de la m\u00e0 de la Cambra de Comer\u00e7 el premi a la responsabilitat social corporativa","datePublished":"2014-11-13T10:00:27+00:00","dateModified":"2025-12-09T13:57:56+00:00","mainEntityOfPage":{"@id":"https:\/\/www.proquimia.com\/ca\/proquimia-rep-de-la-ma-de-la-cambra-de-comerc-el-premi-a-la-responsabilitat-social-corporativa\/"},"wordCount":240,"publisher":{"@id":"https:\/\/www.proquimia.com\/ca\/#organization"},"image":{"@id":"https:\/\/www.proquimia.com\/ca\/proquimia-rep-de-la-ma-de-la-cambra-de-comerc-el-premi-a-la-responsabilitat-social-corporativa\/#primaryimage"},"thumbnailUrl":"https:\/\/www.proquimia.com\/wp-content\/uploads\/2014\/11\/IMG_3360-300x275.jpg","articleSection":["Proquimia"],"inLanguage":"ca"},{"@type":"WebPage","@id":"https:\/\/www.proquimia.com\/ca\/proquimia-rep-de-la-ma-de-la-cambra-de-comerc-el-premi-a-la-responsabilitat-social-corporativa\/","url":"https:\/\/www.proquimia.com\/ca\/proquimia-rep-de-la-ma-de-la-cambra-de-comerc-el-premi-a-la-responsabilitat-social-corporativa\/","name":"Proquimia rep el premi de RSC","isPartOf":{"@id":"https:\/\/www.proquimia.com\/ca\/#website"},"primaryImageOfPage":{"@id":"https:\/\/www.proquimia.com\/ca\/proquimia-rep-de-la-ma-de-la-cambra-de-comerc-el-premi-a-la-responsabilitat-social-corporativa\/#primaryimage"},"image":{"@id":"https:\/\/www.proquimia.com\/ca\/proquimia-rep-de-la-ma-de-la-cambra-de-comerc-el-premi-a-la-responsabilitat-social-corporativa\/#primaryimage"},"thumbnailUrl":"https:\/\/www.proquimia.com\/wp-content\/uploads\/2014\/11\/IMG_3360-300x275.jpg","datePublished":"2014-11-13T10:00:27+00:00","dateModified":"2025-12-09T13:57:56+00:00","description":"Proquimia rep el Premi Responsabilitat Social Proquimia per la seva innovaci\u00f3 i comprom\u00eds amb la sostenibilitat mediambiental.","breadcrumb":{"@id":"https:\/\/www.proquimia.com\/ca\/proquimia-rep-de-la-ma-de-la-cambra-de-comerc-el-premi-a-la-responsabilitat-social-corporativa\/#breadcrumb"},"inLanguage":"ca","potentialAction":[{"@type":"ReadAction","target":["https:\/\/www.proquimia.com\/ca\/proquimia-rep-de-la-ma-de-la-cambra-de-comerc-el-premi-a-la-responsabilitat-social-corporativa\/"]}]},{"@type":"ImageObject","inLanguage":"ca","@id":"https:\/\/www.proquimia.com\/ca\/proquimia-rep-de-la-ma-de-la-cambra-de-comerc-el-premi-a-la-responsabilitat-social-corporativa\/#primaryimage","url":"https:\/\/www.proquimia.com\/wp-content\/uploads\/2014\/11\/IMG_3360-300x275.jpg","contentUrl":"https:\/\/www.proquimia.com\/wp-content\/uploads\/2014\/11\/IMG_3360-300x275.jpg"},{"@type":"BreadcrumbList","@id":"https:\/\/www.proquimia.com\/ca\/proquimia-rep-de-la-ma-de-la-cambra-de-comerc-el-premi-a-la-responsabilitat-social-corporativa\/#breadcrumb","itemListElement":[{"@type":"ListItem","position":1,"name":"Portada","item":"https:\/\/www.proquimia.com\/ca\/"},{"@type":"ListItem","position":2,"name":"Proquimia rep de la m\u00e0 de la Cambra de Comer\u00e7 el premi a la responsabilitat social corporativa"}]},{"@type":"WebSite","@id":"https:\/\/www.proquimia.com\/ca\/#website","url":"https:\/\/www.proquimia.com\/ca\/","name":"Proquimia","description":"Soluciones qu\u00edmicas y Productos de Limpieza Industrial","publisher":{"@id":"https:\/\/www.proquimia.com\/ca\/#organization"},"potentialAction":[{"@type":"SearchAction","target":{"@type":"EntryPoint","urlTemplate":"https:\/\/www.proquimia.com\/ca\/?s={search_term_string}"},"query-input":{"@type":"PropertyValueSpecification","valueRequired":true,"valueName":"search_term_string"}}],"inLanguage":"ca"},{"@type":"Organization","@id":"https:\/\/www.proquimia.com\/ca\/#organization","name":"Proquimia","url":"https:\/\/www.proquimia.com\/ca\/","logo":{"@type":"ImageObject","inLanguage":"ca","@id":"https:\/\/www.proquimia.com\/ca\/#\/schema\/logo\/image\/","url":"https:\/\/www.proquimia.com\/wp-content\/uploads\/proquimia-logo-yoast.png","contentUrl":"https:\/\/www.proquimia.com\/wp-content\/uploads\/proquimia-logo-yoast.png","width":696,"height":696,"caption":"Proquimia"},"image":{"@id":"https:\/\/www.proquimia.com\/ca\/#\/schema\/logo\/image\/"},"sameAs":["https:\/\/www.facebook.com\/proquimia","https:\/\/x.com\/proquimia71","https:\/\/www.instagram.com\/proquimia_co\/","http:\/\/www.linkedin.com\/company\/proquimia","http:\/\/www.youtube.com\/user\/proquimiavic"]},{"@type":"Person","@id":"https:\/\/www.proquimia.com\/ca\/#\/schema\/person\/d7adcc500b852dda472d16dbca9d4ae1","name":"Proquimia","url":"https:\/\/www.proquimia.com\/ca\/author\/proquimia\/"}]}},"authors":[{"term_id":622,"user_id":2,"is_guest":0,"slug":"proquimia","display_name":"Proquimia","avatar_url":"https:\/\/secure.gravatar.com\/avatar\/21d466d625cf87ba3e07ff535bc203272340b35849b3ded8cdc2dfbb7ab18009?s=96&d=mm&r=g","0":null,"1":"","2":"","3":"","4":"","5":"","6":"","7":""}],"_links":{"self":[{"href":"https:\/\/www.proquimia.com\/ca\/wp-json\/wp\/v2\/posts\/34950","targetHints":{"allow":["GET"]}}],"collection":[{"href":"https:\/\/www.proquimia.com\/ca\/wp-json\/wp\/v2\/posts"}],"about":[{"href":"https:\/\/www.proquimia.com\/ca\/wp-json\/wp\/v2\/types\/post"}],"author":[{"embeddable":true,"href":"https:\/\/www.proquimia.com\/ca\/wp-json\/wp\/v2\/users\/2"}],"replies":[{"embeddable":true,"href":"https:\/\/www.proquimia.com\/ca\/wp-json\/wp\/v2\/comments?post=34950"}],"version-history":[{"count":1,"href":"https:\/\/www.proquimia.com\/ca\/wp-json\/wp\/v2\/posts\/34950\/revisions"}],"predecessor-version":[{"id":39633,"href":"https:\/\/www.proquimia.com\/ca\/wp-json\/wp\/v2\/posts\/34950\/revisions\/39633"}],"wp:attachment":[{"href":"https:\/\/www.proquimia.com\/ca\/wp-json\/wp\/v2\/media?parent=34950"}],"wp:term":[{"taxonomy":"category","embeddable":true,"href":"https:\/\/www.proquimia.com\/ca\/wp-json\/wp\/v2\/categories?post=34950"},{"taxonomy":"post_tag","embeddable":true,"href":"https:\/\/www.proquimia.com\/ca\/wp-json\/wp\/v2\/tags?post=34950"},{"taxonomy":"sector","embeddable":true,"href":"https:\/\/www.proquimia.com\/ca\/wp-json\/wp\/v2\/sector?post=34950"},{"taxonomy":"country","embeddable":true,"href":"https:\/\/www.proquimia.com\/ca\/wp-json\/wp\/v2\/country?post=34950"},{"taxonomy":"author","embeddable":true,"href":"https:\/\/www.proquimia.com\/ca\/wp-json\/wp\/v2\/ppma_author?post=34950"}],"curies":[{"name":"wp","href":"https:\/\/api.w.org\/{rel}","templated":true}]}}