{"id":34935,"date":"2013-10-10T08:55:11","date_gmt":"2013-10-10T06:55:11","guid":{"rendered":"https:\/\/www.proquimia.com\/v-encuentro-internacional-de-lavanderia-tintoreria-e-higienizacion-cubalav-2013-2\/"},"modified":"2025-12-09T15:19:27","modified_gmt":"2025-12-09T14:19:27","slug":"v-encuentro-internacional-de-lavanderia-tintoreria-e-higienizacion-cubalav-2013-2","status":"publish","type":"post","link":"https:\/\/www.proquimia.com\/ca\/v-encuentro-internacional-de-lavanderia-tintoreria-e-higienizacion-cubalav-2013-2\/","title":{"rendered":"V Trobada internacional de bugaderia, tintorer\u00eda i higienizaci\u00f3 CUBALAV 2013"},"content":{"rendered":"<p><a href=\"https:\/\/www.proquimia.com\/wp-content\/uploads\/2013\/10\/foto.jpg\"><img loading=\"lazy\" decoding=\"async\" class=\"alignright size-medium wp-image-4936\" title=\"foto\" src=\"https:\/\/www.proquimia.com\/wp-content\/uploads\/2013\/10\/foto-300x126.jpg\" alt=\"\" width=\"300\" height=\"126\" \/><\/a>Del 19 al 21 de setembre va tenir lloc la fira<strong> V Encuentro internacional de lavander\u00eda, tintorer\u00eda e higienizaci\u00f3n CUBALAV 2013<\/strong> al recinte del Centro de Convenciones Plaza Am\u00e9rica de Varadero, amb l\u2019objectiu d\u2019afavorir la formaci\u00f3 i l\u2019intercanvi de coneixements, a m\u00e9s d\u2019estimular i promoure la innovaci\u00f3 de t\u00e8cniques per al desenvolupament del sector.<\/p>\n<p>CUBALAV 2013 va oferir un programa cient\u00edfic, que inclogu\u00e9 confer\u00e8ncies i debats tem\u00e0tics amb la participaci\u00f3 de diversos especialistes en el sector. Alhora, va tenir lloc una fira expositora on es van exhibir productes i serveis associats a la higiene.<\/p>\n<p>Suchel Proquimia, S. A. va participar en aquest esdeveniment com a promotor, expositor i ponent t\u00e8cnic, a trav\u00e9s de les confer\u00e8ncies seg\u00fcents:<\/p>\n<ul>\n<li>Aportaci\u00f3 de solucions tecnol\u00f2giques sostenibles des de Proquimia a c\u00e0rrec de Carles Ony\u00f3s de Plandolit, director general de Proquimia.<\/li>\n<li>Influ\u00e8ncia i c\u00e0lcul de les emissions de CO2 a les bugaderies segons el seu proc\u00e9s tecnol\u00f2gic, exposada per Jordi Bartrina Sim\u00f3, director adjunt de l\u2019empresa Suchel Proquimia, S. A.<\/li>\n<\/ul>\n<p>L\u2019empresa va ser guardonada amb els premis seg\u00fcents:<\/p>\n<ul>\n<li>Millor disseny d\u2019estand<\/li>\n<li>Reconeixement a Suchel Proquimia com a expositor<\/li>\n<li>Reconeixement i certificat a Carles Ony\u00f3s de Plandolit i Jordi Bartrina Sim\u00f3 pel suport t\u00e8cnic i participaci\u00f3 en l\u2019esdeveniment<\/li>\n<\/ul>\n","protected":false},"excerpt":{"rendered":"<p>Del 19 al 21 de setembre va tenir lloc la fira V Encuentro internacional de lavander\u00eda, tintorer\u00eda e higienizaci\u00f3n CUBALAV 2013 al recinte del Centro de Convenciones Plaza Am\u00e9rica de Varadero, amb l\u2019objectiu d\u2019afavorir la formaci\u00f3 i l\u2019intercanvi de coneixements, a m\u00e9s d\u2019estimular i promoure la innovaci\u00f3 de t\u00e8cniques per al desenvolupament del sector. CUBALAV [&hellip;]<\/p>\n","protected":false},"author":2,"featured_media":0,"comment_status":"closed","ping_status":"closed","sticky":false,"template":"","format":"standard","meta":{"_acf_changed":false,"inline_featured_image":false,"footnotes":""},"categories":[75],"tags":[],"sector":[504],"country":[299,303,307,311,315,319,323,263,267,271,275,279,283,291,295],"ppma_author":[622],"class_list":["post-34935","post","type-post","status-publish","format-standard","hentry","category-proquimia","sector-actualitat","country-mexico-ca","country-morocco-ca","country-panama-ca","country-portugal-ca","country-republica-dominicana-ca","country-tunisia-ca","country-venezuela-ca","country-algeria-ca","country-andorra-ca","country-brazil-ca","country-chile-ca","country-colombia-ca","country-costa-rica-ca","country-espana-ca","country-france-ca"],"acf":[],"yoast_head":"<!-- This site is optimized with the Yoast SEO plugin v27.5 - https:\/\/yoast.com\/product\/yoast-seo-wordpress\/ -->\n<title>CUBALAV 2013: V Trobada Internacional<\/title>\n<meta name=\"description\" content=\"Proquimia va destacar a CUBALAV 2013 amb solucions sostenibles i pon\u00e8ncies sobre emissions de CO\u2082 a bugaderies industrials.\" \/>\n<meta name=\"robots\" content=\"index, follow, max-snippet:-1, max-image-preview:large, max-video-preview:-1\" \/>\n<link rel=\"canonical\" href=\"https:\/\/www.proquimia.com\/ca\/v-encuentro-internacional-de-lavanderia-tintoreria-e-higienizacion-cubalav-2013-2\/\" \/>\n<meta property=\"og:locale\" content=\"ca_ES\" \/>\n<meta property=\"og:type\" content=\"article\" \/>\n<meta property=\"og:title\" content=\"CUBALAV 2013: V Trobada Internacional\" \/>\n<meta property=\"og:description\" content=\"Proquimia va destacar a CUBALAV 2013 amb solucions sostenibles i pon\u00e8ncies sobre emissions de CO\u2082 a bugaderies industrials.\" \/>\n<meta property=\"og:url\" content=\"https:\/\/www.proquimia.com\/ca\/v-encuentro-internacional-de-lavanderia-tintoreria-e-higienizacion-cubalav-2013-2\/\" \/>\n<meta property=\"og:site_name\" content=\"Proquimia\" \/>\n<meta property=\"article:publisher\" content=\"https:\/\/www.facebook.com\/proquimia\" \/>\n<meta property=\"article:published_time\" content=\"2013-10-10T06:55:11+00:00\" \/>\n<meta property=\"article:modified_time\" content=\"2025-12-09T14:19:27+00:00\" \/>\n<meta name=\"author\" content=\"Proquimia\" \/>\n<meta name=\"twitter:card\" content=\"summary_large_image\" \/>\n<meta name=\"twitter:creator\" content=\"@proquimia71\" \/>\n<meta name=\"twitter:site\" content=\"@proquimia71\" \/>\n<meta name=\"twitter:label1\" content=\"Escrit per\" \/>\n\t<meta name=\"twitter:data1\" content=\"Proquimia\" \/>\n\t<meta name=\"twitter:label2\" content=\"Temps estimat de lectura\" \/>\n\t<meta name=\"twitter:data2\" content=\"2 minuts\" \/>\n<script type=\"application\/ld+json\" class=\"yoast-schema-graph\">{\"@context\":\"https:\\\/\\\/schema.org\",\"@graph\":[{\"@type\":\"Article\",\"@id\":\"https:\\\/\\\/www.proquimia.com\\\/ca\\\/v-encuentro-internacional-de-lavanderia-tintoreria-e-higienizacion-cubalav-2013-2\\\/#article\",\"isPartOf\":{\"@id\":\"https:\\\/\\\/www.proquimia.com\\\/ca\\\/v-encuentro-internacional-de-lavanderia-tintoreria-e-higienizacion-cubalav-2013-2\\\/\"},\"author\":{\"name\":\"Proquimia\",\"@id\":\"https:\\\/\\\/www.proquimia.com\\\/ca\\\/#\\\/schema\\\/person\\\/d7adcc500b852dda472d16dbca9d4ae1\"},\"headline\":\"V Trobada internacional de bugaderia, tintorer\u00eda i higienizaci\u00f3 CUBALAV 2013\",\"datePublished\":\"2013-10-10T06:55:11+00:00\",\"dateModified\":\"2025-12-09T14:19:27+00:00\",\"mainEntityOfPage\":{\"@id\":\"https:\\\/\\\/www.proquimia.com\\\/ca\\\/v-encuentro-internacional-de-lavanderia-tintoreria-e-higienizacion-cubalav-2013-2\\\/\"},\"wordCount\":238,\"publisher\":{\"@id\":\"https:\\\/\\\/www.proquimia.com\\\/ca\\\/#organization\"},\"image\":{\"@id\":\"https:\\\/\\\/www.proquimia.com\\\/ca\\\/v-encuentro-internacional-de-lavanderia-tintoreria-e-higienizacion-cubalav-2013-2\\\/#primaryimage\"},\"thumbnailUrl\":\"https:\\\/\\\/www.proquimia.com\\\/wp-content\\\/uploads\\\/2013\\\/10\\\/foto-300x126.jpg\",\"articleSection\":[\"Proquimia\"],\"inLanguage\":\"ca\"},{\"@type\":\"WebPage\",\"@id\":\"https:\\\/\\\/www.proquimia.com\\\/ca\\\/v-encuentro-internacional-de-lavanderia-tintoreria-e-higienizacion-cubalav-2013-2\\\/\",\"url\":\"https:\\\/\\\/www.proquimia.com\\\/ca\\\/v-encuentro-internacional-de-lavanderia-tintoreria-e-higienizacion-cubalav-2013-2\\\/\",\"name\":\"CUBALAV 2013: V Trobada Internacional\",\"isPartOf\":{\"@id\":\"https:\\\/\\\/www.proquimia.com\\\/ca\\\/#website\"},\"primaryImageOfPage\":{\"@id\":\"https:\\\/\\\/www.proquimia.com\\\/ca\\\/v-encuentro-internacional-de-lavanderia-tintoreria-e-higienizacion-cubalav-2013-2\\\/#primaryimage\"},\"image\":{\"@id\":\"https:\\\/\\\/www.proquimia.com\\\/ca\\\/v-encuentro-internacional-de-lavanderia-tintoreria-e-higienizacion-cubalav-2013-2\\\/#primaryimage\"},\"thumbnailUrl\":\"https:\\\/\\\/www.proquimia.com\\\/wp-content\\\/uploads\\\/2013\\\/10\\\/foto-300x126.jpg\",\"datePublished\":\"2013-10-10T06:55:11+00:00\",\"dateModified\":\"2025-12-09T14:19:27+00:00\",\"description\":\"Proquimia va destacar a CUBALAV 2013 amb solucions sostenibles i pon\u00e8ncies sobre emissions de CO\u2082 a bugaderies industrials.\",\"breadcrumb\":{\"@id\":\"https:\\\/\\\/www.proquimia.com\\\/ca\\\/v-encuentro-internacional-de-lavanderia-tintoreria-e-higienizacion-cubalav-2013-2\\\/#breadcrumb\"},\"inLanguage\":\"ca\",\"potentialAction\":[{\"@type\":\"ReadAction\",\"target\":[\"https:\\\/\\\/www.proquimia.com\\\/ca\\\/v-encuentro-internacional-de-lavanderia-tintoreria-e-higienizacion-cubalav-2013-2\\\/\"]}]},{\"@type\":\"ImageObject\",\"inLanguage\":\"ca\",\"@id\":\"https:\\\/\\\/www.proquimia.com\\\/ca\\\/v-encuentro-internacional-de-lavanderia-tintoreria-e-higienizacion-cubalav-2013-2\\\/#primaryimage\",\"url\":\"https:\\\/\\\/www.proquimia.com\\\/wp-content\\\/uploads\\\/2013\\\/10\\\/foto-300x126.jpg\",\"contentUrl\":\"https:\\\/\\\/www.proquimia.com\\\/wp-content\\\/uploads\\\/2013\\\/10\\\/foto-300x126.jpg\"},{\"@type\":\"BreadcrumbList\",\"@id\":\"https:\\\/\\\/www.proquimia.com\\\/ca\\\/v-encuentro-internacional-de-lavanderia-tintoreria-e-higienizacion-cubalav-2013-2\\\/#breadcrumb\",\"itemListElement\":[{\"@type\":\"ListItem\",\"position\":1,\"name\":\"Portada\",\"item\":\"https:\\\/\\\/www.proquimia.com\\\/ca\\\/\"},{\"@type\":\"ListItem\",\"position\":2,\"name\":\"V Trobada internacional de bugaderia, tintorer\u00eda i higienizaci\u00f3 CUBALAV 2013\"}]},{\"@type\":\"WebSite\",\"@id\":\"https:\\\/\\\/www.proquimia.com\\\/ca\\\/#website\",\"url\":\"https:\\\/\\\/www.proquimia.com\\\/ca\\\/\",\"name\":\"Proquimia\",\"description\":\"Soluciones qu\u00edmicas y Productos de Limpieza Industrial\",\"publisher\":{\"@id\":\"https:\\\/\\\/www.proquimia.com\\\/ca\\\/#organization\"},\"potentialAction\":[{\"@type\":\"SearchAction\",\"target\":{\"@type\":\"EntryPoint\",\"urlTemplate\":\"https:\\\/\\\/www.proquimia.com\\\/ca\\\/?s={search_term_string}\"},\"query-input\":{\"@type\":\"PropertyValueSpecification\",\"valueRequired\":true,\"valueName\":\"search_term_string\"}}],\"inLanguage\":\"ca\"},{\"@type\":\"Organization\",\"@id\":\"https:\\\/\\\/www.proquimia.com\\\/ca\\\/#organization\",\"name\":\"Proquimia\",\"url\":\"https:\\\/\\\/www.proquimia.com\\\/ca\\\/\",\"logo\":{\"@type\":\"ImageObject\",\"inLanguage\":\"ca\",\"@id\":\"https:\\\/\\\/www.proquimia.com\\\/ca\\\/#\\\/schema\\\/logo\\\/image\\\/\",\"url\":\"https:\\\/\\\/www.proquimia.com\\\/wp-content\\\/uploads\\\/proquimia-logo-yoast.png\",\"contentUrl\":\"https:\\\/\\\/www.proquimia.com\\\/wp-content\\\/uploads\\\/proquimia-logo-yoast.png\",\"width\":696,\"height\":696,\"caption\":\"Proquimia\"},\"image\":{\"@id\":\"https:\\\/\\\/www.proquimia.com\\\/ca\\\/#\\\/schema\\\/logo\\\/image\\\/\"},\"sameAs\":[\"https:\\\/\\\/www.facebook.com\\\/proquimia\",\"https:\\\/\\\/x.com\\\/proquimia71\",\"https:\\\/\\\/www.instagram.com\\\/proquimia_co\\\/\",\"http:\\\/\\\/www.linkedin.com\\\/company\\\/proquimia\",\"http:\\\/\\\/www.youtube.com\\\/user\\\/proquimiavic\"]},{\"@type\":\"Person\",\"@id\":\"https:\\\/\\\/www.proquimia.com\\\/ca\\\/#\\\/schema\\\/person\\\/d7adcc500b852dda472d16dbca9d4ae1\",\"name\":\"Proquimia\",\"url\":\"https:\\\/\\\/www.proquimia.com\\\/ca\\\/author\\\/proquimia\\\/\"}]}<\/script>\n<!-- \/ Yoast SEO plugin. -->","yoast_head_json":{"title":"CUBALAV 2013: V Trobada Internacional","description":"Proquimia va destacar a CUBALAV 2013 amb solucions sostenibles i pon\u00e8ncies sobre emissions de CO\u2082 a bugaderies industrials.","robots":{"index":"index","follow":"follow","max-snippet":"max-snippet:-1","max-image-preview":"max-image-preview:large","max-video-preview":"max-video-preview:-1"},"canonical":"https:\/\/www.proquimia.com\/ca\/v-encuentro-internacional-de-lavanderia-tintoreria-e-higienizacion-cubalav-2013-2\/","og_locale":"ca_ES","og_type":"article","og_title":"CUBALAV 2013: V Trobada Internacional","og_description":"Proquimia va destacar a CUBALAV 2013 amb solucions sostenibles i pon\u00e8ncies sobre emissions de CO\u2082 a bugaderies industrials.","og_url":"https:\/\/www.proquimia.com\/ca\/v-encuentro-internacional-de-lavanderia-tintoreria-e-higienizacion-cubalav-2013-2\/","og_site_name":"Proquimia","article_publisher":"https:\/\/www.facebook.com\/proquimia","article_published_time":"2013-10-10T06:55:11+00:00","article_modified_time":"2025-12-09T14:19:27+00:00","author":"Proquimia","twitter_card":"summary_large_image","twitter_creator":"@proquimia71","twitter_site":"@proquimia71","twitter_misc":{"Escrit per":"Proquimia","Temps estimat de lectura":"2 minuts"},"schema":{"@context":"https:\/\/schema.org","@graph":[{"@type":"Article","@id":"https:\/\/www.proquimia.com\/ca\/v-encuentro-internacional-de-lavanderia-tintoreria-e-higienizacion-cubalav-2013-2\/#article","isPartOf":{"@id":"https:\/\/www.proquimia.com\/ca\/v-encuentro-internacional-de-lavanderia-tintoreria-e-higienizacion-cubalav-2013-2\/"},"author":{"name":"Proquimia","@id":"https:\/\/www.proquimia.com\/ca\/#\/schema\/person\/d7adcc500b852dda472d16dbca9d4ae1"},"headline":"V Trobada internacional de bugaderia, tintorer\u00eda i higienizaci\u00f3 CUBALAV 2013","datePublished":"2013-10-10T06:55:11+00:00","dateModified":"2025-12-09T14:19:27+00:00","mainEntityOfPage":{"@id":"https:\/\/www.proquimia.com\/ca\/v-encuentro-internacional-de-lavanderia-tintoreria-e-higienizacion-cubalav-2013-2\/"},"wordCount":238,"publisher":{"@id":"https:\/\/www.proquimia.com\/ca\/#organization"},"image":{"@id":"https:\/\/www.proquimia.com\/ca\/v-encuentro-internacional-de-lavanderia-tintoreria-e-higienizacion-cubalav-2013-2\/#primaryimage"},"thumbnailUrl":"https:\/\/www.proquimia.com\/wp-content\/uploads\/2013\/10\/foto-300x126.jpg","articleSection":["Proquimia"],"inLanguage":"ca"},{"@type":"WebPage","@id":"https:\/\/www.proquimia.com\/ca\/v-encuentro-internacional-de-lavanderia-tintoreria-e-higienizacion-cubalav-2013-2\/","url":"https:\/\/www.proquimia.com\/ca\/v-encuentro-internacional-de-lavanderia-tintoreria-e-higienizacion-cubalav-2013-2\/","name":"CUBALAV 2013: V Trobada Internacional","isPartOf":{"@id":"https:\/\/www.proquimia.com\/ca\/#website"},"primaryImageOfPage":{"@id":"https:\/\/www.proquimia.com\/ca\/v-encuentro-internacional-de-lavanderia-tintoreria-e-higienizacion-cubalav-2013-2\/#primaryimage"},"image":{"@id":"https:\/\/www.proquimia.com\/ca\/v-encuentro-internacional-de-lavanderia-tintoreria-e-higienizacion-cubalav-2013-2\/#primaryimage"},"thumbnailUrl":"https:\/\/www.proquimia.com\/wp-content\/uploads\/2013\/10\/foto-300x126.jpg","datePublished":"2013-10-10T06:55:11+00:00","dateModified":"2025-12-09T14:19:27+00:00","description":"Proquimia va destacar a CUBALAV 2013 amb solucions sostenibles i pon\u00e8ncies sobre emissions de CO\u2082 a bugaderies industrials.","breadcrumb":{"@id":"https:\/\/www.proquimia.com\/ca\/v-encuentro-internacional-de-lavanderia-tintoreria-e-higienizacion-cubalav-2013-2\/#breadcrumb"},"inLanguage":"ca","potentialAction":[{"@type":"ReadAction","target":["https:\/\/www.proquimia.com\/ca\/v-encuentro-internacional-de-lavanderia-tintoreria-e-higienizacion-cubalav-2013-2\/"]}]},{"@type":"ImageObject","inLanguage":"ca","@id":"https:\/\/www.proquimia.com\/ca\/v-encuentro-internacional-de-lavanderia-tintoreria-e-higienizacion-cubalav-2013-2\/#primaryimage","url":"https:\/\/www.proquimia.com\/wp-content\/uploads\/2013\/10\/foto-300x126.jpg","contentUrl":"https:\/\/www.proquimia.com\/wp-content\/uploads\/2013\/10\/foto-300x126.jpg"},{"@type":"BreadcrumbList","@id":"https:\/\/www.proquimia.com\/ca\/v-encuentro-internacional-de-lavanderia-tintoreria-e-higienizacion-cubalav-2013-2\/#breadcrumb","itemListElement":[{"@type":"ListItem","position":1,"name":"Portada","item":"https:\/\/www.proquimia.com\/ca\/"},{"@type":"ListItem","position":2,"name":"V Trobada internacional de bugaderia, tintorer\u00eda i higienizaci\u00f3 CUBALAV 2013"}]},{"@type":"WebSite","@id":"https:\/\/www.proquimia.com\/ca\/#website","url":"https:\/\/www.proquimia.com\/ca\/","name":"Proquimia","description":"Soluciones qu\u00edmicas y Productos de Limpieza Industrial","publisher":{"@id":"https:\/\/www.proquimia.com\/ca\/#organization"},"potentialAction":[{"@type":"SearchAction","target":{"@type":"EntryPoint","urlTemplate":"https:\/\/www.proquimia.com\/ca\/?s={search_term_string}"},"query-input":{"@type":"PropertyValueSpecification","valueRequired":true,"valueName":"search_term_string"}}],"inLanguage":"ca"},{"@type":"Organization","@id":"https:\/\/www.proquimia.com\/ca\/#organization","name":"Proquimia","url":"https:\/\/www.proquimia.com\/ca\/","logo":{"@type":"ImageObject","inLanguage":"ca","@id":"https:\/\/www.proquimia.com\/ca\/#\/schema\/logo\/image\/","url":"https:\/\/www.proquimia.com\/wp-content\/uploads\/proquimia-logo-yoast.png","contentUrl":"https:\/\/www.proquimia.com\/wp-content\/uploads\/proquimia-logo-yoast.png","width":696,"height":696,"caption":"Proquimia"},"image":{"@id":"https:\/\/www.proquimia.com\/ca\/#\/schema\/logo\/image\/"},"sameAs":["https:\/\/www.facebook.com\/proquimia","https:\/\/x.com\/proquimia71","https:\/\/www.instagram.com\/proquimia_co\/","http:\/\/www.linkedin.com\/company\/proquimia","http:\/\/www.youtube.com\/user\/proquimiavic"]},{"@type":"Person","@id":"https:\/\/www.proquimia.com\/ca\/#\/schema\/person\/d7adcc500b852dda472d16dbca9d4ae1","name":"Proquimia","url":"https:\/\/www.proquimia.com\/ca\/author\/proquimia\/"}]}},"authors":[{"term_id":622,"user_id":2,"is_guest":0,"slug":"proquimia","display_name":"Proquimia","avatar_url":"https:\/\/secure.gravatar.com\/avatar\/21d466d625cf87ba3e07ff535bc203272340b35849b3ded8cdc2dfbb7ab18009?s=96&d=mm&r=g","0":null,"1":"","2":"","3":"","4":"","5":"","6":"","7":""}],"_links":{"self":[{"href":"https:\/\/www.proquimia.com\/ca\/wp-json\/wp\/v2\/posts\/34935","targetHints":{"allow":["GET"]}}],"collection":[{"href":"https:\/\/www.proquimia.com\/ca\/wp-json\/wp\/v2\/posts"}],"about":[{"href":"https:\/\/www.proquimia.com\/ca\/wp-json\/wp\/v2\/types\/post"}],"author":[{"embeddable":true,"href":"https:\/\/www.proquimia.com\/ca\/wp-json\/wp\/v2\/users\/2"}],"replies":[{"embeddable":true,"href":"https:\/\/www.proquimia.com\/ca\/wp-json\/wp\/v2\/comments?post=34935"}],"version-history":[{"count":1,"href":"https:\/\/www.proquimia.com\/ca\/wp-json\/wp\/v2\/posts\/34935\/revisions"}],"predecessor-version":[{"id":39597,"href":"https:\/\/www.proquimia.com\/ca\/wp-json\/wp\/v2\/posts\/34935\/revisions\/39597"}],"wp:attachment":[{"href":"https:\/\/www.proquimia.com\/ca\/wp-json\/wp\/v2\/media?parent=34935"}],"wp:term":[{"taxonomy":"category","embeddable":true,"href":"https:\/\/www.proquimia.com\/ca\/wp-json\/wp\/v2\/categories?post=34935"},{"taxonomy":"post_tag","embeddable":true,"href":"https:\/\/www.proquimia.com\/ca\/wp-json\/wp\/v2\/tags?post=34935"},{"taxonomy":"sector","embeddable":true,"href":"https:\/\/www.proquimia.com\/ca\/wp-json\/wp\/v2\/sector?post=34935"},{"taxonomy":"country","embeddable":true,"href":"https:\/\/www.proquimia.com\/ca\/wp-json\/wp\/v2\/country?post=34935"},{"taxonomy":"author","embeddable":true,"href":"https:\/\/www.proquimia.com\/ca\/wp-json\/wp\/v2\/ppma_author?post=34935"}],"curies":[{"name":"wp","href":"https:\/\/api.w.org\/{rel}","templated":true}]}}