{"id":34922,"date":"2012-11-21T15:51:20","date_gmt":"2012-11-21T14:51:20","guid":{"rendered":"https:\/\/www.proquimia.com\/jornada-tecnica-sobre-seguretat-alimentaria\/"},"modified":"2025-07-08T09:00:24","modified_gmt":"2025-07-08T07:00:24","slug":"jornada-tecnica-sobre-seguretat-alimentaria","status":"publish","type":"post","link":"https:\/\/www.proquimia.com\/ca\/jornada-tecnica-sobre-seguretat-alimentaria\/","title":{"rendered":"JORNADA T\u00c8CNICA SOBRE SEGURETAT ALIMENT\u00c0RIA"},"content":{"rendered":"<p>El proper 4 de desembre, l\u2019entitat de certificaci\u00f3 OCA Instituto de Certificaci\u00f3n i Proquimia organitzaran la jornada t\u00e8cnica \u201c<strong>Requisits de qualitat, higiene i seguretat aliment\u00e0ria en els nous referencials IFS i BRC versi\u00f3 6<\/strong>\u201d, a l\u2019AC Hotel Madrid Feria.<\/p>\n<p>En aquesta jornada, a c\u00e0rrec del Sr. Jos\u00e9 Manuel Gil, responsable de l\u2019activitat agroaliment\u00e0ria de l\u2019 OCA Instituto de Certificaci\u00f3n, es presentaran i analitzaran les novetats principals, a m\u00e9s a m\u00e9s de les conseq\u00fc\u00e8ncies pr\u00e0ctiques de les noves versions de les normes IFS i BRC.<\/p>\n<p>El programa de la jornada comen\u00e7ar\u00e0 amb una introducci\u00f3 sobre l\u2019aparici\u00f3 d\u2019esquemes de certificaci\u00f3 d\u2019higiene i seguretat aliment\u00e0ria, on es destacar\u00e0 la import\u00e0ncia de la higiene en la seguretat aliment\u00e0ria. Es presentar\u00e0 una comparativa d\u2019esquemes de certificaci\u00f3 d\u2019higiene i seguretat aliment\u00e0ria i es reflexionar\u00e0 sobre quins s\u00f3n integrables i en quina proporci\u00f3, a m\u00e9s d\u2019exposar experi\u00e8ncies d\u2019auditoria (punts forts i febles). Finalment, es posar\u00e0 \u00e8mfasis en els canvis de les noves versions de normes i incid\u00e8ncies en el proc\u00e9s d\u2019auditoria.<\/p>\n","protected":false},"excerpt":{"rendered":"<p>El proper 4 de desembre, l\u2019entitat de certificaci\u00f3 OCA Instituto de Certificaci\u00f3n i Proquimia organitzaran la jornada t\u00e8cnica \u201cRequisits de qualitat, higiene i seguretat aliment\u00e0ria en els nous referencials IFS i BRC versi\u00f3 6\u201d, a l\u2019AC Hotel Madrid Feria. En aquesta jornada, a c\u00e0rrec del Sr. Jos\u00e9 Manuel Gil, responsable de l\u2019activitat agroaliment\u00e0ria de l\u2019 [&hellip;]<\/p>\n","protected":false},"author":2,"featured_media":0,"comment_status":"closed","ping_status":"closed","sticky":false,"template":"","format":"standard","meta":{"_acf_changed":false,"inline_featured_image":false,"footnotes":""},"categories":[75],"tags":[],"sector":[504],"country":[291],"ppma_author":[],"class_list":["post-34922","post","type-post","status-publish","format-standard","hentry","category-proquimia","sector-actualitat","country-espana-ca"],"acf":[],"yoast_head":"<!-- This site is optimized with the Yoast SEO plugin v27.5 - https:\/\/yoast.com\/product\/yoast-seo-wordpress\/ -->\n<title>JORNADA T\u00c8CNICA SOBRE SEGURETAT ALIMENT\u00c0RIA - Proquimia<\/title>\n<meta name=\"description\" content=\"Jornada t\u00e8cnica sobre els nous referencials IFS i BRC v6: qualitat, higiene i seguretat aliment\u00e0ria al sector agroalimentari.\" \/>\n<meta name=\"robots\" content=\"index, follow, max-snippet:-1, max-image-preview:large, max-video-preview:-1\" \/>\n<link rel=\"canonical\" href=\"https:\/\/www.proquimia.com\/ca\/jornada-tecnica-sobre-seguretat-alimentaria\/\" \/>\n<meta property=\"og:locale\" content=\"ca_ES\" \/>\n<meta property=\"og:type\" content=\"article\" \/>\n<meta property=\"og:title\" content=\"JORNADA T\u00c8CNICA SOBRE SEGURETAT ALIMENT\u00c0RIA - Proquimia\" \/>\n<meta property=\"og:description\" content=\"Jornada t\u00e8cnica sobre els nous referencials IFS i BRC v6: qualitat, higiene i seguretat aliment\u00e0ria al sector agroalimentari.\" \/>\n<meta property=\"og:url\" content=\"https:\/\/www.proquimia.com\/ca\/jornada-tecnica-sobre-seguretat-alimentaria\/\" \/>\n<meta property=\"og:site_name\" content=\"Proquimia\" \/>\n<meta property=\"article:publisher\" content=\"https:\/\/www.facebook.com\/proquimia\" \/>\n<meta property=\"article:published_time\" content=\"2012-11-21T14:51:20+00:00\" \/>\n<meta property=\"article:modified_time\" content=\"2025-07-08T07:00:24+00:00\" \/>\n<meta name=\"author\" content=\"Proquimia\" \/>\n<meta name=\"twitter:card\" content=\"summary_large_image\" \/>\n<meta name=\"twitter:creator\" content=\"@proquimia71\" \/>\n<meta name=\"twitter:site\" content=\"@proquimia71\" \/>\n<meta name=\"twitter:label1\" content=\"Escrit per\" \/>\n\t<meta name=\"twitter:data1\" content=\"Proquimia\" \/>\n\t<meta name=\"twitter:label2\" content=\"Temps estimat de lectura\" \/>\n\t<meta name=\"twitter:data2\" content=\"1 minut\" \/>\n<script type=\"application\/ld+json\" class=\"yoast-schema-graph\">{\"@context\":\"https:\\\/\\\/schema.org\",\"@graph\":[{\"@type\":\"Article\",\"@id\":\"https:\\\/\\\/www.proquimia.com\\\/ca\\\/jornada-tecnica-sobre-seguretat-alimentaria\\\/#article\",\"isPartOf\":{\"@id\":\"https:\\\/\\\/www.proquimia.com\\\/ca\\\/jornada-tecnica-sobre-seguretat-alimentaria\\\/\"},\"author\":{\"name\":\"Proquimia\",\"@id\":\"https:\\\/\\\/www.proquimia.com\\\/ca\\\/#\\\/schema\\\/person\\\/d7adcc500b852dda472d16dbca9d4ae1\"},\"headline\":\"JORNADA T\u00c8CNICA SOBRE SEGURETAT ALIMENT\u00c0RIA\",\"datePublished\":\"2012-11-21T14:51:20+00:00\",\"dateModified\":\"2025-07-08T07:00:24+00:00\",\"mainEntityOfPage\":{\"@id\":\"https:\\\/\\\/www.proquimia.com\\\/ca\\\/jornada-tecnica-sobre-seguretat-alimentaria\\\/\"},\"wordCount\":200,\"publisher\":{\"@id\":\"https:\\\/\\\/www.proquimia.com\\\/ca\\\/#organization\"},\"articleSection\":[\"Proquimia\"],\"inLanguage\":\"ca\"},{\"@type\":\"WebPage\",\"@id\":\"https:\\\/\\\/www.proquimia.com\\\/ca\\\/jornada-tecnica-sobre-seguretat-alimentaria\\\/\",\"url\":\"https:\\\/\\\/www.proquimia.com\\\/ca\\\/jornada-tecnica-sobre-seguretat-alimentaria\\\/\",\"name\":\"JORNADA T\u00c8CNICA SOBRE SEGURETAT ALIMENT\u00c0RIA - Proquimia\",\"isPartOf\":{\"@id\":\"https:\\\/\\\/www.proquimia.com\\\/ca\\\/#website\"},\"datePublished\":\"2012-11-21T14:51:20+00:00\",\"dateModified\":\"2025-07-08T07:00:24+00:00\",\"description\":\"Jornada t\u00e8cnica sobre els nous referencials IFS i BRC v6: qualitat, higiene i seguretat aliment\u00e0ria al sector agroalimentari.\",\"breadcrumb\":{\"@id\":\"https:\\\/\\\/www.proquimia.com\\\/ca\\\/jornada-tecnica-sobre-seguretat-alimentaria\\\/#breadcrumb\"},\"inLanguage\":\"ca\",\"potentialAction\":[{\"@type\":\"ReadAction\",\"target\":[\"https:\\\/\\\/www.proquimia.com\\\/ca\\\/jornada-tecnica-sobre-seguretat-alimentaria\\\/\"]}]},{\"@type\":\"BreadcrumbList\",\"@id\":\"https:\\\/\\\/www.proquimia.com\\\/ca\\\/jornada-tecnica-sobre-seguretat-alimentaria\\\/#breadcrumb\",\"itemListElement\":[{\"@type\":\"ListItem\",\"position\":1,\"name\":\"Portada\",\"item\":\"https:\\\/\\\/www.proquimia.com\\\/ca\\\/\"},{\"@type\":\"ListItem\",\"position\":2,\"name\":\"JORNADA T\u00c8CNICA SOBRE SEGURETAT ALIMENT\u00c0RIA\"}]},{\"@type\":\"WebSite\",\"@id\":\"https:\\\/\\\/www.proquimia.com\\\/ca\\\/#website\",\"url\":\"https:\\\/\\\/www.proquimia.com\\\/ca\\\/\",\"name\":\"Proquimia\",\"description\":\"Soluciones qu\u00edmicas y Productos de Limpieza Industrial\",\"publisher\":{\"@id\":\"https:\\\/\\\/www.proquimia.com\\\/ca\\\/#organization\"},\"potentialAction\":[{\"@type\":\"SearchAction\",\"target\":{\"@type\":\"EntryPoint\",\"urlTemplate\":\"https:\\\/\\\/www.proquimia.com\\\/ca\\\/?s={search_term_string}\"},\"query-input\":{\"@type\":\"PropertyValueSpecification\",\"valueRequired\":true,\"valueName\":\"search_term_string\"}}],\"inLanguage\":\"ca\"},{\"@type\":\"Organization\",\"@id\":\"https:\\\/\\\/www.proquimia.com\\\/ca\\\/#organization\",\"name\":\"Proquimia\",\"url\":\"https:\\\/\\\/www.proquimia.com\\\/ca\\\/\",\"logo\":{\"@type\":\"ImageObject\",\"inLanguage\":\"ca\",\"@id\":\"https:\\\/\\\/www.proquimia.com\\\/ca\\\/#\\\/schema\\\/logo\\\/image\\\/\",\"url\":\"https:\\\/\\\/www.proquimia.com\\\/wp-content\\\/uploads\\\/proquimia-logo-yoast.png\",\"contentUrl\":\"https:\\\/\\\/www.proquimia.com\\\/wp-content\\\/uploads\\\/proquimia-logo-yoast.png\",\"width\":696,\"height\":696,\"caption\":\"Proquimia\"},\"image\":{\"@id\":\"https:\\\/\\\/www.proquimia.com\\\/ca\\\/#\\\/schema\\\/logo\\\/image\\\/\"},\"sameAs\":[\"https:\\\/\\\/www.facebook.com\\\/proquimia\",\"https:\\\/\\\/x.com\\\/proquimia71\",\"https:\\\/\\\/www.instagram.com\\\/proquimia_co\\\/\",\"http:\\\/\\\/www.linkedin.com\\\/company\\\/proquimia\",\"http:\\\/\\\/www.youtube.com\\\/user\\\/proquimiavic\"]},{\"@type\":\"Person\",\"@id\":\"https:\\\/\\\/www.proquimia.com\\\/ca\\\/#\\\/schema\\\/person\\\/d7adcc500b852dda472d16dbca9d4ae1\",\"name\":\"Proquimia\",\"url\":\"https:\\\/\\\/www.proquimia.com\\\/ca\\\/author\\\/proquimia\\\/\"}]}<\/script>\n<!-- \/ Yoast SEO plugin. -->","yoast_head_json":{"title":"JORNADA T\u00c8CNICA SOBRE SEGURETAT ALIMENT\u00c0RIA - Proquimia","description":"Jornada t\u00e8cnica sobre els nous referencials IFS i BRC v6: qualitat, higiene i seguretat aliment\u00e0ria al sector agroalimentari.","robots":{"index":"index","follow":"follow","max-snippet":"max-snippet:-1","max-image-preview":"max-image-preview:large","max-video-preview":"max-video-preview:-1"},"canonical":"https:\/\/www.proquimia.com\/ca\/jornada-tecnica-sobre-seguretat-alimentaria\/","og_locale":"ca_ES","og_type":"article","og_title":"JORNADA T\u00c8CNICA SOBRE SEGURETAT ALIMENT\u00c0RIA - Proquimia","og_description":"Jornada t\u00e8cnica sobre els nous referencials IFS i BRC v6: qualitat, higiene i seguretat aliment\u00e0ria al sector agroalimentari.","og_url":"https:\/\/www.proquimia.com\/ca\/jornada-tecnica-sobre-seguretat-alimentaria\/","og_site_name":"Proquimia","article_publisher":"https:\/\/www.facebook.com\/proquimia","article_published_time":"2012-11-21T14:51:20+00:00","article_modified_time":"2025-07-08T07:00:24+00:00","author":"Proquimia","twitter_card":"summary_large_image","twitter_creator":"@proquimia71","twitter_site":"@proquimia71","twitter_misc":{"Escrit per":"Proquimia","Temps estimat de lectura":"1 minut"},"schema":{"@context":"https:\/\/schema.org","@graph":[{"@type":"Article","@id":"https:\/\/www.proquimia.com\/ca\/jornada-tecnica-sobre-seguretat-alimentaria\/#article","isPartOf":{"@id":"https:\/\/www.proquimia.com\/ca\/jornada-tecnica-sobre-seguretat-alimentaria\/"},"author":{"name":"Proquimia","@id":"https:\/\/www.proquimia.com\/ca\/#\/schema\/person\/d7adcc500b852dda472d16dbca9d4ae1"},"headline":"JORNADA T\u00c8CNICA SOBRE SEGURETAT ALIMENT\u00c0RIA","datePublished":"2012-11-21T14:51:20+00:00","dateModified":"2025-07-08T07:00:24+00:00","mainEntityOfPage":{"@id":"https:\/\/www.proquimia.com\/ca\/jornada-tecnica-sobre-seguretat-alimentaria\/"},"wordCount":200,"publisher":{"@id":"https:\/\/www.proquimia.com\/ca\/#organization"},"articleSection":["Proquimia"],"inLanguage":"ca"},{"@type":"WebPage","@id":"https:\/\/www.proquimia.com\/ca\/jornada-tecnica-sobre-seguretat-alimentaria\/","url":"https:\/\/www.proquimia.com\/ca\/jornada-tecnica-sobre-seguretat-alimentaria\/","name":"JORNADA T\u00c8CNICA SOBRE SEGURETAT ALIMENT\u00c0RIA - Proquimia","isPartOf":{"@id":"https:\/\/www.proquimia.com\/ca\/#website"},"datePublished":"2012-11-21T14:51:20+00:00","dateModified":"2025-07-08T07:00:24+00:00","description":"Jornada t\u00e8cnica sobre els nous referencials IFS i BRC v6: qualitat, higiene i seguretat aliment\u00e0ria al sector agroalimentari.","breadcrumb":{"@id":"https:\/\/www.proquimia.com\/ca\/jornada-tecnica-sobre-seguretat-alimentaria\/#breadcrumb"},"inLanguage":"ca","potentialAction":[{"@type":"ReadAction","target":["https:\/\/www.proquimia.com\/ca\/jornada-tecnica-sobre-seguretat-alimentaria\/"]}]},{"@type":"BreadcrumbList","@id":"https:\/\/www.proquimia.com\/ca\/jornada-tecnica-sobre-seguretat-alimentaria\/#breadcrumb","itemListElement":[{"@type":"ListItem","position":1,"name":"Portada","item":"https:\/\/www.proquimia.com\/ca\/"},{"@type":"ListItem","position":2,"name":"JORNADA T\u00c8CNICA SOBRE SEGURETAT ALIMENT\u00c0RIA"}]},{"@type":"WebSite","@id":"https:\/\/www.proquimia.com\/ca\/#website","url":"https:\/\/www.proquimia.com\/ca\/","name":"Proquimia","description":"Soluciones qu\u00edmicas y Productos de Limpieza Industrial","publisher":{"@id":"https:\/\/www.proquimia.com\/ca\/#organization"},"potentialAction":[{"@type":"SearchAction","target":{"@type":"EntryPoint","urlTemplate":"https:\/\/www.proquimia.com\/ca\/?s={search_term_string}"},"query-input":{"@type":"PropertyValueSpecification","valueRequired":true,"valueName":"search_term_string"}}],"inLanguage":"ca"},{"@type":"Organization","@id":"https:\/\/www.proquimia.com\/ca\/#organization","name":"Proquimia","url":"https:\/\/www.proquimia.com\/ca\/","logo":{"@type":"ImageObject","inLanguage":"ca","@id":"https:\/\/www.proquimia.com\/ca\/#\/schema\/logo\/image\/","url":"https:\/\/www.proquimia.com\/wp-content\/uploads\/proquimia-logo-yoast.png","contentUrl":"https:\/\/www.proquimia.com\/wp-content\/uploads\/proquimia-logo-yoast.png","width":696,"height":696,"caption":"Proquimia"},"image":{"@id":"https:\/\/www.proquimia.com\/ca\/#\/schema\/logo\/image\/"},"sameAs":["https:\/\/www.facebook.com\/proquimia","https:\/\/x.com\/proquimia71","https:\/\/www.instagram.com\/proquimia_co\/","http:\/\/www.linkedin.com\/company\/proquimia","http:\/\/www.youtube.com\/user\/proquimiavic"]},{"@type":"Person","@id":"https:\/\/www.proquimia.com\/ca\/#\/schema\/person\/d7adcc500b852dda472d16dbca9d4ae1","name":"Proquimia","url":"https:\/\/www.proquimia.com\/ca\/author\/proquimia\/"}]}},"authors":[{"term_id":622,"user_id":2,"is_guest":0,"slug":"proquimia","display_name":"Proquimia","avatar_url":"https:\/\/secure.gravatar.com\/avatar\/21d466d625cf87ba3e07ff535bc203272340b35849b3ded8cdc2dfbb7ab18009?s=96&d=mm&r=g","0":null,"1":"","2":"","3":"","4":"","5":"","6":"","7":""}],"_links":{"self":[{"href":"https:\/\/www.proquimia.com\/ca\/wp-json\/wp\/v2\/posts\/34922","targetHints":{"allow":["GET"]}}],"collection":[{"href":"https:\/\/www.proquimia.com\/ca\/wp-json\/wp\/v2\/posts"}],"about":[{"href":"https:\/\/www.proquimia.com\/ca\/wp-json\/wp\/v2\/types\/post"}],"author":[{"embeddable":true,"href":"https:\/\/www.proquimia.com\/ca\/wp-json\/wp\/v2\/users\/2"}],"replies":[{"embeddable":true,"href":"https:\/\/www.proquimia.com\/ca\/wp-json\/wp\/v2\/comments?post=34922"}],"version-history":[{"count":1,"href":"https:\/\/www.proquimia.com\/ca\/wp-json\/wp\/v2\/posts\/34922\/revisions"}],"predecessor-version":[{"id":51534,"href":"https:\/\/www.proquimia.com\/ca\/wp-json\/wp\/v2\/posts\/34922\/revisions\/51534"}],"wp:attachment":[{"href":"https:\/\/www.proquimia.com\/ca\/wp-json\/wp\/v2\/media?parent=34922"}],"wp:term":[{"taxonomy":"category","embeddable":true,"href":"https:\/\/www.proquimia.com\/ca\/wp-json\/wp\/v2\/categories?post=34922"},{"taxonomy":"post_tag","embeddable":true,"href":"https:\/\/www.proquimia.com\/ca\/wp-json\/wp\/v2\/tags?post=34922"},{"taxonomy":"sector","embeddable":true,"href":"https:\/\/www.proquimia.com\/ca\/wp-json\/wp\/v2\/sector?post=34922"},{"taxonomy":"country","embeddable":true,"href":"https:\/\/www.proquimia.com\/ca\/wp-json\/wp\/v2\/country?post=34922"},{"taxonomy":"author","embeddable":true,"href":"https:\/\/www.proquimia.com\/ca\/wp-json\/wp\/v2\/ppma_author?post=34922"}],"curies":[{"name":"wp","href":"https:\/\/api.w.org\/{rel}","templated":true}]}}